{"id":230,"date":"2021-05-11T13:16:09","date_gmt":"2021-05-11T11:16:09","guid":{"rendered":"https:\/\/lamaindanslebol.fr\/actualites\/?p=230"},"modified":"2021-11-15T09:49:24","modified_gmt":"2021-11-15T08:49:24","slug":"le-vrac-vers-une-consommation-durable-et-responsable","status":"publish","type":"post","link":"https:\/\/lamaindanslebol.fr\/actualites\/2021\/05\/11\/le-vrac-vers-une-consommation-durable-et-responsable\/","title":{"rendered":"Le vrac : vers une consommation durable et responsable"},"content":{"rendered":"<h2>LE VRAC, UNE TENDANCE QUI VA DEVENIR UNE OBLIGATION<\/h2>\n<p>Le vrac, ce n\u2019est pas vraiment quelque chose de nouveau puisqu\u2019\u00e0 l\u2019\u00e9poque d\u00e9j\u00e0, on se d\u00e9pla\u00e7ait chez l\u2019\u00e9picier qui proposait de la vente en vrac derri\u00e8re son comptoir.<\/p>\n<p>Mais, il a rapidement laiss\u00e9 place aux produits emball\u00e9s, avec l\u2019arriv\u00e9e de l\u2019industrie agro-alimentaire.<\/p>\n<p>Depuis 2018, c\u2019est un moyen de consommation qui a pris son envol gr\u00e2ce \u00e0 une forte demande c\u00f4t\u00e9 consommateurs. La France est donc le n\u00b01 du vrac en Europe. 4 foyers sur 10 ach\u00e8tent du vrac aujourd\u2019hui.<\/p>\n<p>Ce n\u2019est d\u2019ailleurs pas \u00e9tonnant que le mouvement Z\u00e9ro D\u00e9chet compte de plus en plus d\u2019adeptes qui souhaitent r\u00e9duire au maximum la production de d\u00e9chets en voyant les tonnes d\u2019emballages alimentaires qui finissent enfouis ou dans des conteneurs que l\u2019on d\u00e9verse sur les continents africains ou asiatiques.<\/p>\n<p><img loading=\"lazy\" decoding=\"async\" src=\"https:\/\/lamaindanslebol.fr\/actualites\/wp-content\/uploads\/2019\/11\/granola-cent-pour-cent-artisanal-la-main-dans-le-bol-granola-bio-petit-dejeuner-accueil-2-300x200.jpg\" alt=\"granola avoine, c\u00e9r\u00e9ales petit d\u00e9jeuner\" width=\"300\" height=\"200\" class=\"alignnone size-medium wp-image-57\" srcset=\"https:\/\/lamaindanslebol.fr\/actualites\/wp-content\/uploads\/2019\/11\/granola-cent-pour-cent-artisanal-la-main-dans-le-bol-granola-bio-petit-dejeuner-accueil-2-300x200.jpg 300w, https:\/\/lamaindanslebol.fr\/actualites\/wp-content\/uploads\/2019\/11\/granola-cent-pour-cent-artisanal-la-main-dans-le-bol-granola-bio-petit-dejeuner-accueil-2.jpg 600w\" sizes=\"auto, (max-width: 300px) 100vw, 300px\" \/><\/p>\n<h2>Qu\u2019est-ce que le vrac ?<\/h2>\n<p>Il s\u2019agit de la vente de produits non pr\u00e9emball\u00e9s, c\u2019est-\u00e0-dire sans emballage. Le consommateur peut venir avec ses propres contenants ou utiliser ceux mis \u00e0 sa disposition pour se servir gr\u00e2ce \u00e0 des distributeurs en libre-service. Il va donc acheter ses produits au poids et prendre uniquement la quantit\u00e9 dont il a besoin, ce qui permet de limiter le gaspillage.<\/p>\n<h2>Pourquoi consommer en vrac ? Quels sont les atouts ?<\/h2>\n<p>Les raisons sont diverses et vari\u00e9es chez le consommateur :<\/p>\n<p>&#8211; Pouvoir acheter la quantit\u00e9 dont on a besoin : cela permet de tester de nouveaux produits sans gaspiller.<\/p>\n<p>&#8211; R\u00e9duire le gaspillage alimentaire : consommer moins mais mieux, cela \u00e9vite la surconsommation.<\/p>\n<p>&#8211; Diminuer les emballages jetables : le plastique est s\u00fbrement l\u2019emballage le plus polluant pour notre plan\u00e8te. Nous le retrouvons partout y compris dans notre alimentation sous forme de micro-plastiques puisqu\u2019il met des centaines d\u2019ann\u00e9es \u00e0 se d\u00e9grader. Autant l\u2019\u00e9liminer !<\/p>\n<p>&#8211; Pouvoir acheter des produits sains et naturels : nous retrouvons beaucoup de produits certifi\u00e9s bio au rayon vrac, car en choisissant ce mode de consommation, le client souhaite aussi avoir acc\u00e8s \u00e0 des produits de meilleure qualit\u00e9 qui ont un moindre impact sur l\u2019environnement.<\/p>\n<p>&#8211; R\u00e9duire le co\u00fbt des produits achet\u00e9s : en moyenne, le vrac co\u00fbte 15% moins cher que le pr\u00e9emball\u00e9.<\/p>\n<p>&#8211; Acheter des produits bruts et peu transform\u00e9s.<\/p>\n<p>Acheter du vrac, c\u2019est pr\u00e9server sa sant\u00e9, son porte-monnaie, nos g\u00e9n\u00e9rations futures et notre plan\u00e8te de mani\u00e8re plus globale !<\/p>\n<h2>Comment s\u2019organiser ?<\/h2>\n<p>Il est important de penser \u00e0 prendre ses propres contenants dans son sac de courses : pots en verre, sachets vrac en coton bio (que l\u2019on reconditionnera dans ses bocaux \u00e0 la maison, c\u2019est moins lourd !), papier kraft, tupperwares\u2026<\/p>\n<p>C\u2019est une question d\u2019habitude, une fois qu\u2019on l\u2019a prise, elle ne nous quitte plus !<\/p>\n<p>A la maison, veillez \u00e0 bien prot\u00e9ger vos produits dans des contenants adapt\u00e9s et herm\u00e9tiques. Le vrac est le paradis pour les mites alimentaires par exemple.<\/p>\n<p>Pour nos granolas en vrac La Main dans le Bol vendus en ligne, il est imp\u00e9ratif de les reconditionner dans des bocaux herm\u00e9tiques d\u00e8s r\u00e9ception.<\/p>\n<p>\u00c9tiquetez vos bocaux pour mieux vous y retrouver sur les produits achet\u00e9s ainsi que les dates de p\u00e9remption, cela vous \u00e9vitera encore du gaspillage !<\/p>\n<p>Enfin, si vous voulez compl\u00e9ter votre connaissance, n\u2019h\u00e9sitez pas \u00e0 visiter le site de l\u2019association R\u00e9seau Vrac \u00e0 laquelle La Main dans le Bol est adh\u00e9rente : https:\/\/reseauvrac.org. Vous pourrez y retrouver l\u2019ensemble des \u00e9piceries vrac sur le territoire fran\u00e7ais pour vous approvisionner en vrac.<\/p>\n<p><img loading=\"lazy\" decoding=\"async\" src=\"https:\/\/lamaindanslebol.fr\/actualites\/wp-content\/uploads\/2021\/05\/reseau-vrac-granola-vrac-granola-bio-la-main-dans-le-bol.jpg\" alt=\"granola vrac, c\u00e9r\u00e9ales granola vrac\" width=\"300\" height=\"200\" class=\"alignnone size-medium wp-image-57\" \/><\/p>\n<p>Retrouvez-les dans notre <a href=\"https:\/\/lamaindanslebol.fr\/boutique\/\" rel=\"noopener\" target=\"_blank\">boutique en ligne<\/a> !<\/p>\n","protected":false},"excerpt":{"rendered":"<p>LE VRAC, UNE TENDANCE QUI VA DEVENIR UNE OBLIGATION Le vrac, ce n\u2019est pas vraiment quelque chose de nouveau puisqu\u2019\u00e0 l\u2019\u00e9poque d\u00e9j\u00e0, on se d\u00e9pla\u00e7ait chez l\u2019\u00e9picier qui proposait de la vente en vrac derri\u00e8re son comptoir. Mais, il a rapidement laiss\u00e9 place aux produits emball\u00e9s, avec l\u2019arriv\u00e9e de l\u2019industrie agro-alimentaire. Depuis 2018, c\u2019est un &hellip; <a href=\"https:\/\/lamaindanslebol.fr\/actualites\/2021\/05\/11\/le-vrac-vers-une-consommation-durable-et-responsable\/\" class=\"more-link\">Continuer la lecture de <span class=\"screen-reader-text\">Le vrac : vers une consommation durable et responsable<\/span><\/a><\/p>\n","protected":false},"author":2,"featured_media":0,"comment_status":"open","ping_status":"open","sticky":false,"template":"","format":"standard","meta":{"footnotes":""},"categories":[12],"tags":[15,6,31,32,21,13,20],"class_list":["post-230","post","type-post","status-publish","format-standard","hentry","category-environnement","tag-cereale-muesli","tag-cereales-petit-dejeuner","tag-consommation-durable","tag-consommation-responsable","tag-fabricant-granola-bio","tag-granola-muesli","tag-granola-vrac"],"yoast_head":"<!-- This site is optimized with the Yoast SEO plugin v26.6 - https:\/\/yoast.com\/wordpress\/plugins\/seo\/ -->\n<title>Granola vrac, sans emballage superflu et en quantit\u00e9 \u00e0 la demande<\/title>\n<meta name=\"description\" content=\"Granola vrac la main dans le bol, \u00e9picerie en vrac, sans emballage superflu. ... Le m\u00e9lange granola est fait de fruits secs\" \/>\n<meta name=\"robots\" content=\"index, follow, max-snippet:-1, max-image-preview:large, max-video-preview:-1\" \/>\n<link rel=\"canonical\" href=\"https:\/\/lamaindanslebol.fr\/actualites\/2021\/05\/11\/le-vrac-vers-une-consommation-durable-et-responsable\/\" \/>\n<meta property=\"og:locale\" content=\"fr_FR\" \/>\n<meta property=\"og:type\" content=\"article\" \/>\n<meta property=\"og:title\" content=\"Granola vrac, sans emballage superflu et en quantit\u00e9 \u00e0 la demande\" \/>\n<meta property=\"og:description\" content=\"Granola vrac la main dans le bol, \u00e9picerie en vrac, sans emballage superflu. ... Le m\u00e9lange granola est fait de fruits secs\" \/>\n<meta property=\"og:url\" content=\"https:\/\/lamaindanslebol.fr\/actualites\/2021\/05\/11\/le-vrac-vers-une-consommation-durable-et-responsable\/\" \/>\n<meta property=\"og:site_name\" content=\"Blog la main dans le bol - Artisan granola bio\" \/>\n<meta property=\"article:published_time\" content=\"2021-05-11T11:16:09+00:00\" \/>\n<meta property=\"article:modified_time\" content=\"2021-11-15T08:49:24+00:00\" \/>\n<meta property=\"og:image\" content=\"https:\/\/lamaindanslebol.fr\/actualites\/wp-content\/uploads\/2019\/11\/granola-cent-pour-cent-artisanal-la-main-dans-le-bol-granola-bio-petit-dejeuner-accueil-2-300x200.jpg\" \/>\n<meta name=\"author\" content=\"Margaux Court\" \/>\n<meta name=\"twitter:card\" content=\"summary_large_image\" \/>\n<meta name=\"twitter:label1\" content=\"\u00c9crit par\" \/>\n\t<meta name=\"twitter:data1\" content=\"Margaux Court\" \/>\n\t<meta name=\"twitter:label2\" content=\"Dur\u00e9e de lecture estim\u00e9e\" \/>\n\t<meta name=\"twitter:data2\" content=\"3 minutes\" \/>\n<script type=\"application\/ld+json\" class=\"yoast-schema-graph\">{\"@context\":\"https:\/\/schema.org\",\"@graph\":[{\"@type\":\"Article\",\"@id\":\"https:\/\/lamaindanslebol.fr\/actualites\/2021\/05\/11\/le-vrac-vers-une-consommation-durable-et-responsable\/#article\",\"isPartOf\":{\"@id\":\"https:\/\/lamaindanslebol.fr\/actualites\/2021\/05\/11\/le-vrac-vers-une-consommation-durable-et-responsable\/\"},\"author\":{\"name\":\"Margaux Court\",\"@id\":\"https:\/\/lamaindanslebol.fr\/actualites\/#\/schema\/person\/560d9163e078b444af7aafd4f9f09878\"},\"headline\":\"Le vrac : vers une consommation durable et responsable\",\"datePublished\":\"2021-05-11T11:16:09+00:00\",\"dateModified\":\"2021-11-15T08:49:24+00:00\",\"mainEntityOfPage\":{\"@id\":\"https:\/\/lamaindanslebol.fr\/actualites\/2021\/05\/11\/le-vrac-vers-une-consommation-durable-et-responsable\/\"},\"wordCount\":632,\"commentCount\":0,\"publisher\":{\"@id\":\"https:\/\/lamaindanslebol.fr\/actualites\/#organization\"},\"image\":{\"@id\":\"https:\/\/lamaindanslebol.fr\/actualites\/2021\/05\/11\/le-vrac-vers-une-consommation-durable-et-responsable\/#primaryimage\"},\"thumbnailUrl\":\"https:\/\/lamaindanslebol.fr\/actualites\/wp-content\/uploads\/2019\/11\/granola-cent-pour-cent-artisanal-la-main-dans-le-bol-granola-bio-petit-dejeuner-accueil-2-300x200.jpg\",\"keywords\":[\"c\u00e9r\u00e9ale muesli\",\"C\u00e9r\u00e9ales petit d\u00e9jeuner\",\"Consommation durable\",\"Consommation responsable\",\"fabricant granola bio\",\"Granola m\u00fcesli bio\",\"granola vrac\"],\"articleSection\":[\"Environnement\"],\"inLanguage\":\"fr-FR\",\"potentialAction\":[{\"@type\":\"CommentAction\",\"name\":\"Comment\",\"target\":[\"https:\/\/lamaindanslebol.fr\/actualites\/2021\/05\/11\/le-vrac-vers-une-consommation-durable-et-responsable\/#respond\"]}]},{\"@type\":\"WebPage\",\"@id\":\"https:\/\/lamaindanslebol.fr\/actualites\/2021\/05\/11\/le-vrac-vers-une-consommation-durable-et-responsable\/\",\"url\":\"https:\/\/lamaindanslebol.fr\/actualites\/2021\/05\/11\/le-vrac-vers-une-consommation-durable-et-responsable\/\",\"name\":\"Granola vrac, sans emballage superflu et en quantit\u00e9 \u00e0 la demande\",\"isPartOf\":{\"@id\":\"https:\/\/lamaindanslebol.fr\/actualites\/#website\"},\"primaryImageOfPage\":{\"@id\":\"https:\/\/lamaindanslebol.fr\/actualites\/2021\/05\/11\/le-vrac-vers-une-consommation-durable-et-responsable\/#primaryimage\"},\"image\":{\"@id\":\"https:\/\/lamaindanslebol.fr\/actualites\/2021\/05\/11\/le-vrac-vers-une-consommation-durable-et-responsable\/#primaryimage\"},\"thumbnailUrl\":\"https:\/\/lamaindanslebol.fr\/actualites\/wp-content\/uploads\/2019\/11\/granola-cent-pour-cent-artisanal-la-main-dans-le-bol-granola-bio-petit-dejeuner-accueil-2-300x200.jpg\",\"datePublished\":\"2021-05-11T11:16:09+00:00\",\"dateModified\":\"2021-11-15T08:49:24+00:00\",\"description\":\"Granola vrac la main dans le bol, \u00e9picerie en vrac, sans emballage superflu. ... Le m\u00e9lange granola est fait de fruits secs\",\"breadcrumb\":{\"@id\":\"https:\/\/lamaindanslebol.fr\/actualites\/2021\/05\/11\/le-vrac-vers-une-consommation-durable-et-responsable\/#breadcrumb\"},\"inLanguage\":\"fr-FR\",\"potentialAction\":[{\"@type\":\"ReadAction\",\"target\":[\"https:\/\/lamaindanslebol.fr\/actualites\/2021\/05\/11\/le-vrac-vers-une-consommation-durable-et-responsable\/\"]}]},{\"@type\":\"ImageObject\",\"inLanguage\":\"fr-FR\",\"@id\":\"https:\/\/lamaindanslebol.fr\/actualites\/2021\/05\/11\/le-vrac-vers-une-consommation-durable-et-responsable\/#primaryimage\",\"url\":\"https:\/\/lamaindanslebol.fr\/actualites\/wp-content\/uploads\/2019\/11\/granola-cent-pour-cent-artisanal-la-main-dans-le-bol-granola-bio-petit-dejeuner-accueil-2.jpg\",\"contentUrl\":\"https:\/\/lamaindanslebol.fr\/actualites\/wp-content\/uploads\/2019\/11\/granola-cent-pour-cent-artisanal-la-main-dans-le-bol-granola-bio-petit-dejeuner-accueil-2.jpg\",\"width\":600,\"height\":399,\"caption\":\"granola avoine\"},{\"@type\":\"BreadcrumbList\",\"@id\":\"https:\/\/lamaindanslebol.fr\/actualites\/2021\/05\/11\/le-vrac-vers-une-consommation-durable-et-responsable\/#breadcrumb\",\"itemListElement\":[{\"@type\":\"ListItem\",\"position\":1,\"name\":\"Accueil\",\"item\":\"https:\/\/lamaindanslebol.fr\/actualites\/\"},{\"@type\":\"ListItem\",\"position\":2,\"name\":\"Le vrac : vers une consommation durable et responsable\"}]},{\"@type\":\"WebSite\",\"@id\":\"https:\/\/lamaindanslebol.fr\/actualites\/#website\",\"url\":\"https:\/\/lamaindanslebol.fr\/actualites\/\",\"name\":\"Blog la main dans le bol - Artisan granola bio\",\"description\":\"\",\"publisher\":{\"@id\":\"https:\/\/lamaindanslebol.fr\/actualites\/#organization\"},\"potentialAction\":[{\"@type\":\"SearchAction\",\"target\":{\"@type\":\"EntryPoint\",\"urlTemplate\":\"https:\/\/lamaindanslebol.fr\/actualites\/?s={search_term_string}\"},\"query-input\":{\"@type\":\"PropertyValueSpecification\",\"valueRequired\":true,\"valueName\":\"search_term_string\"}}],\"inLanguage\":\"fr-FR\"},{\"@type\":\"Organization\",\"@id\":\"https:\/\/lamaindanslebol.fr\/actualites\/#organization\",\"name\":\"Blog la main dans le bol - Artisan granola bio\",\"url\":\"https:\/\/lamaindanslebol.fr\/actualites\/\",\"logo\":{\"@type\":\"ImageObject\",\"inLanguage\":\"fr-FR\",\"@id\":\"https:\/\/lamaindanslebol.fr\/actualites\/#\/schema\/logo\/image\/\",\"url\":\"https:\/\/lamaindanslebol.fr\/actualites\/wp-content\/uploads\/2019\/10\/cropped-logo-blog-la-main-dans-le-bol-fabricant-cereales-granola-bio.png\",\"contentUrl\":\"https:\/\/lamaindanslebol.fr\/actualites\/wp-content\/uploads\/2019\/10\/cropped-logo-blog-la-main-dans-le-bol-fabricant-cereales-granola-bio.png\",\"width\":248,\"height\":216,\"caption\":\"Blog la main dans le bol - Artisan granola bio\"},\"image\":{\"@id\":\"https:\/\/lamaindanslebol.fr\/actualites\/#\/schema\/logo\/image\/\"}},{\"@type\":\"Person\",\"@id\":\"https:\/\/lamaindanslebol.fr\/actualites\/#\/schema\/person\/560d9163e078b444af7aafd4f9f09878\",\"name\":\"Margaux Court\",\"image\":{\"@type\":\"ImageObject\",\"inLanguage\":\"fr-FR\",\"@id\":\"https:\/\/lamaindanslebol.fr\/actualites\/#\/schema\/person\/image\/\",\"url\":\"https:\/\/secure.gravatar.com\/avatar\/dc72db8577f39a03f273a24343610f8d721569d02ab83e59d46a10a24bc3e439?s=96&d=mm&r=g\",\"contentUrl\":\"https:\/\/secure.gravatar.com\/avatar\/dc72db8577f39a03f273a24343610f8d721569d02ab83e59d46a10a24bc3e439?s=96&d=mm&r=g\",\"caption\":\"Margaux Court\"},\"sameAs\":[\"https:\/\/lamaindanslebol.fr\/\"],\"url\":\"https:\/\/lamaindanslebol.fr\/actualites\/author\/margaux-court-blog\/\"}]}<\/script>\n<!-- \/ Yoast SEO plugin. -->","yoast_head_json":{"title":"Granola vrac, sans emballage superflu et en quantit\u00e9 \u00e0 la demande","description":"Granola vrac la main dans le bol, \u00e9picerie en vrac, sans emballage superflu. ... Le m\u00e9lange granola est fait de fruits secs","robots":{"index":"index","follow":"follow","max-snippet":"max-snippet:-1","max-image-preview":"max-image-preview:large","max-video-preview":"max-video-preview:-1"},"canonical":"https:\/\/lamaindanslebol.fr\/actualites\/2021\/05\/11\/le-vrac-vers-une-consommation-durable-et-responsable\/","og_locale":"fr_FR","og_type":"article","og_title":"Granola vrac, sans emballage superflu et en quantit\u00e9 \u00e0 la demande","og_description":"Granola vrac la main dans le bol, \u00e9picerie en vrac, sans emballage superflu. ... Le m\u00e9lange granola est fait de fruits secs","og_url":"https:\/\/lamaindanslebol.fr\/actualites\/2021\/05\/11\/le-vrac-vers-une-consommation-durable-et-responsable\/","og_site_name":"Blog la main dans le bol - Artisan granola bio","article_published_time":"2021-05-11T11:16:09+00:00","article_modified_time":"2021-11-15T08:49:24+00:00","og_image":[{"url":"https:\/\/lamaindanslebol.fr\/actualites\/wp-content\/uploads\/2019\/11\/granola-cent-pour-cent-artisanal-la-main-dans-le-bol-granola-bio-petit-dejeuner-accueil-2-300x200.jpg","type":"","width":"","height":""}],"author":"Margaux Court","twitter_card":"summary_large_image","twitter_misc":{"\u00c9crit par":"Margaux Court","Dur\u00e9e de lecture estim\u00e9e":"3 minutes"},"schema":{"@context":"https:\/\/schema.org","@graph":[{"@type":"Article","@id":"https:\/\/lamaindanslebol.fr\/actualites\/2021\/05\/11\/le-vrac-vers-une-consommation-durable-et-responsable\/#article","isPartOf":{"@id":"https:\/\/lamaindanslebol.fr\/actualites\/2021\/05\/11\/le-vrac-vers-une-consommation-durable-et-responsable\/"},"author":{"name":"Margaux Court","@id":"https:\/\/lamaindanslebol.fr\/actualites\/#\/schema\/person\/560d9163e078b444af7aafd4f9f09878"},"headline":"Le vrac : vers une consommation durable et responsable","datePublished":"2021-05-11T11:16:09+00:00","dateModified":"2021-11-15T08:49:24+00:00","mainEntityOfPage":{"@id":"https:\/\/lamaindanslebol.fr\/actualites\/2021\/05\/11\/le-vrac-vers-une-consommation-durable-et-responsable\/"},"wordCount":632,"commentCount":0,"publisher":{"@id":"https:\/\/lamaindanslebol.fr\/actualites\/#organization"},"image":{"@id":"https:\/\/lamaindanslebol.fr\/actualites\/2021\/05\/11\/le-vrac-vers-une-consommation-durable-et-responsable\/#primaryimage"},"thumbnailUrl":"https:\/\/lamaindanslebol.fr\/actualites\/wp-content\/uploads\/2019\/11\/granola-cent-pour-cent-artisanal-la-main-dans-le-bol-granola-bio-petit-dejeuner-accueil-2-300x200.jpg","keywords":["c\u00e9r\u00e9ale muesli","C\u00e9r\u00e9ales petit d\u00e9jeuner","Consommation durable","Consommation responsable","fabricant granola bio","Granola m\u00fcesli bio","granola vrac"],"articleSection":["Environnement"],"inLanguage":"fr-FR","potentialAction":[{"@type":"CommentAction","name":"Comment","target":["https:\/\/lamaindanslebol.fr\/actualites\/2021\/05\/11\/le-vrac-vers-une-consommation-durable-et-responsable\/#respond"]}]},{"@type":"WebPage","@id":"https:\/\/lamaindanslebol.fr\/actualites\/2021\/05\/11\/le-vrac-vers-une-consommation-durable-et-responsable\/","url":"https:\/\/lamaindanslebol.fr\/actualites\/2021\/05\/11\/le-vrac-vers-une-consommation-durable-et-responsable\/","name":"Granola vrac, sans emballage superflu et en quantit\u00e9 \u00e0 la demande","isPartOf":{"@id":"https:\/\/lamaindanslebol.fr\/actualites\/#website"},"primaryImageOfPage":{"@id":"https:\/\/lamaindanslebol.fr\/actualites\/2021\/05\/11\/le-vrac-vers-une-consommation-durable-et-responsable\/#primaryimage"},"image":{"@id":"https:\/\/lamaindanslebol.fr\/actualites\/2021\/05\/11\/le-vrac-vers-une-consommation-durable-et-responsable\/#primaryimage"},"thumbnailUrl":"https:\/\/lamaindanslebol.fr\/actualites\/wp-content\/uploads\/2019\/11\/granola-cent-pour-cent-artisanal-la-main-dans-le-bol-granola-bio-petit-dejeuner-accueil-2-300x200.jpg","datePublished":"2021-05-11T11:16:09+00:00","dateModified":"2021-11-15T08:49:24+00:00","description":"Granola vrac la main dans le bol, \u00e9picerie en vrac, sans emballage superflu. ... Le m\u00e9lange granola est fait de fruits secs","breadcrumb":{"@id":"https:\/\/lamaindanslebol.fr\/actualites\/2021\/05\/11\/le-vrac-vers-une-consommation-durable-et-responsable\/#breadcrumb"},"inLanguage":"fr-FR","potentialAction":[{"@type":"ReadAction","target":["https:\/\/lamaindanslebol.fr\/actualites\/2021\/05\/11\/le-vrac-vers-une-consommation-durable-et-responsable\/"]}]},{"@type":"ImageObject","inLanguage":"fr-FR","@id":"https:\/\/lamaindanslebol.fr\/actualites\/2021\/05\/11\/le-vrac-vers-une-consommation-durable-et-responsable\/#primaryimage","url":"https:\/\/lamaindanslebol.fr\/actualites\/wp-content\/uploads\/2019\/11\/granola-cent-pour-cent-artisanal-la-main-dans-le-bol-granola-bio-petit-dejeuner-accueil-2.jpg","contentUrl":"https:\/\/lamaindanslebol.fr\/actualites\/wp-content\/uploads\/2019\/11\/granola-cent-pour-cent-artisanal-la-main-dans-le-bol-granola-bio-petit-dejeuner-accueil-2.jpg","width":600,"height":399,"caption":"granola avoine"},{"@type":"BreadcrumbList","@id":"https:\/\/lamaindanslebol.fr\/actualites\/2021\/05\/11\/le-vrac-vers-une-consommation-durable-et-responsable\/#breadcrumb","itemListElement":[{"@type":"ListItem","position":1,"name":"Accueil","item":"https:\/\/lamaindanslebol.fr\/actualites\/"},{"@type":"ListItem","position":2,"name":"Le vrac : vers une consommation durable et responsable"}]},{"@type":"WebSite","@id":"https:\/\/lamaindanslebol.fr\/actualites\/#website","url":"https:\/\/lamaindanslebol.fr\/actualites\/","name":"Blog la main dans le bol - Artisan granola bio","description":"","publisher":{"@id":"https:\/\/lamaindanslebol.fr\/actualites\/#organization"},"potentialAction":[{"@type":"SearchAction","target":{"@type":"EntryPoint","urlTemplate":"https:\/\/lamaindanslebol.fr\/actualites\/?s={search_term_string}"},"query-input":{"@type":"PropertyValueSpecification","valueRequired":true,"valueName":"search_term_string"}}],"inLanguage":"fr-FR"},{"@type":"Organization","@id":"https:\/\/lamaindanslebol.fr\/actualites\/#organization","name":"Blog la main dans le bol - Artisan granola bio","url":"https:\/\/lamaindanslebol.fr\/actualites\/","logo":{"@type":"ImageObject","inLanguage":"fr-FR","@id":"https:\/\/lamaindanslebol.fr\/actualites\/#\/schema\/logo\/image\/","url":"https:\/\/lamaindanslebol.fr\/actualites\/wp-content\/uploads\/2019\/10\/cropped-logo-blog-la-main-dans-le-bol-fabricant-cereales-granola-bio.png","contentUrl":"https:\/\/lamaindanslebol.fr\/actualites\/wp-content\/uploads\/2019\/10\/cropped-logo-blog-la-main-dans-le-bol-fabricant-cereales-granola-bio.png","width":248,"height":216,"caption":"Blog la main dans le bol - Artisan granola bio"},"image":{"@id":"https:\/\/lamaindanslebol.fr\/actualites\/#\/schema\/logo\/image\/"}},{"@type":"Person","@id":"https:\/\/lamaindanslebol.fr\/actualites\/#\/schema\/person\/560d9163e078b444af7aafd4f9f09878","name":"Margaux Court","image":{"@type":"ImageObject","inLanguage":"fr-FR","@id":"https:\/\/lamaindanslebol.fr\/actualites\/#\/schema\/person\/image\/","url":"https:\/\/secure.gravatar.com\/avatar\/dc72db8577f39a03f273a24343610f8d721569d02ab83e59d46a10a24bc3e439?s=96&d=mm&r=g","contentUrl":"https:\/\/secure.gravatar.com\/avatar\/dc72db8577f39a03f273a24343610f8d721569d02ab83e59d46a10a24bc3e439?s=96&d=mm&r=g","caption":"Margaux Court"},"sameAs":["https:\/\/lamaindanslebol.fr\/"],"url":"https:\/\/lamaindanslebol.fr\/actualites\/author\/margaux-court-blog\/"}]}},"_links":{"self":[{"href":"https:\/\/lamaindanslebol.fr\/actualites\/wp-json\/wp\/v2\/posts\/230","targetHints":{"allow":["GET"]}}],"collection":[{"href":"https:\/\/lamaindanslebol.fr\/actualites\/wp-json\/wp\/v2\/posts"}],"about":[{"href":"https:\/\/lamaindanslebol.fr\/actualites\/wp-json\/wp\/v2\/types\/post"}],"author":[{"embeddable":true,"href":"https:\/\/lamaindanslebol.fr\/actualites\/wp-json\/wp\/v2\/users\/2"}],"replies":[{"embeddable":true,"href":"https:\/\/lamaindanslebol.fr\/actualites\/wp-json\/wp\/v2\/comments?post=230"}],"version-history":[{"count":5,"href":"https:\/\/lamaindanslebol.fr\/actualites\/wp-json\/wp\/v2\/posts\/230\/revisions"}],"predecessor-version":[{"id":308,"href":"https:\/\/lamaindanslebol.fr\/actualites\/wp-json\/wp\/v2\/posts\/230\/revisions\/308"}],"wp:attachment":[{"href":"https:\/\/lamaindanslebol.fr\/actualites\/wp-json\/wp\/v2\/media?parent=230"}],"wp:term":[{"taxonomy":"category","embeddable":true,"href":"https:\/\/lamaindanslebol.fr\/actualites\/wp-json\/wp\/v2\/categories?post=230"},{"taxonomy":"post_tag","embeddable":true,"href":"https:\/\/lamaindanslebol.fr\/actualites\/wp-json\/wp\/v2\/tags?post=230"}],"curies":[{"name":"wp","href":"https:\/\/api.w.org\/{rel}","templated":true}]}}