{"id":337,"date":"2022-02-24T15:47:01","date_gmt":"2022-02-24T14:47:01","guid":{"rendered":"https:\/\/lamaindanslebol.fr\/actualites\/?p=337"},"modified":"2022-02-24T17:31:56","modified_gmt":"2022-02-24T16:31:56","slug":"foire-bio-de-lalter-ecologie-du-25-au-27-fevrier-2022","status":"publish","type":"post","link":"https:\/\/lamaindanslebol.fr\/actualites\/2022\/02\/24\/foire-bio-de-lalter-ecologie-du-25-au-27-fevrier-2022\/","title":{"rendered":"Foire bio de l\u2019alter-\u00e9cologie du 25 au 27 F\u00e9vrier 2022"},"content":{"rendered":"<p>RDV cette fin de mois de F\u00e9vrier \u00e0 Eurexpo pour la <strong>36e \u00e9dition de Primev\u00e8re<\/strong>.<br \/>\nNous serons install\u00e9es au <strong>stand S309<\/strong> pour vous proposer la (re)d\u00e9couverte de nos granolas bio fabriqu\u00e9s en r\u00e9gion lyonnaise.<br \/>\nNous les proposerons \u00e0 <strong>la vente au d\u00e9tail en sachets et en vrac<\/strong>. N\u2019oubliez pas d\u2019<strong>apporter vos contenants<\/strong> (sachets, bocaux, sac en coton\u2026). <\/p>\n<h2>Salon primev\u00e8re | Du 25 au 27 F\u00e9vrier 2022 | A Eurexpo | Stand S309<\/h2>\n<p><img decoding=\"async\" src=\"https:\/\/lamaindanslebol.fr\/actualites\/wp-content\/uploads\/2022\/02\/salon-primevere-2022-salon-rencontre-alter-ecologie-36-edition.jpg\" alt=\"Salon Primev\u00e8re 2022 Du 25 au 27 F\u00e9vrier 2022 | A Eurexpo | La Main dans le bol | Stand S309\" \/><\/p>\n<h2><strong>Qu\u2019est-ce que le salon primev\u00e8re ?<\/strong><\/h2>\n<p>L&rsquo;association <strong>Primev\u00e8re<\/strong> est heureuse de pouvoir maintenir un <strong>\u00e9v\u00e8nement vecteur de rencontres, de r\u00e9flexions, d&rsquo;alternatives, d&rsquo;ouverture, de bienveillance, d&rsquo;humanit\u00e9<\/strong>\u2026<\/p>\n<p>Nous aurions bien s\u00fbr aim\u00e9 que tout le monde puisse entrer\u2026 Dans ce contexte complexe, nous avons gard\u00e9 pour boussole la n\u00e9cessit\u00e9 de montrer \u00e0 quel point les solutions \u00e9cologiques sont au coeur des probl\u00e9matiques soci\u00e9tales contemporaines et \u00e0 venir.<\/p>\n<p><strong>450 exposants<\/strong> ont r\u00e9pondu pr\u00e9sents et nous avons mis du coeur et de la conviction pour vous concocter un programme riche de rencontres. On esp\u00e8re qu&rsquo;il vous plaira !<br \/>\nEn esp\u00e9rant vous retrouver nombreux pour cette 36\u00b0 \u00e9dition ! <\/p>\n<p>Organis\u00e9 par une association et r\u00e9alis\u00e9 par <strong>300 b\u00e9n\u00e9voles<\/strong>, le salon Primev\u00e8re a pour ambition de r\u00e9unir les acteurs de l\u2019\u00e9cologie pour <strong>pr\u00e9senter des alternatives militantes coh\u00e9rentes et \u00e9thiques \u00e0 la soci\u00e9t\u00e9 actuelle, dans une ambiance conviviale<\/strong>.<\/p>\n<h2>Les objectifs du salon primev\u00e8re<\/h2>\n<h3>CULTIVER LES ID\u00c9ES ET LES ALTERNATIVES<\/h3>\n<p>L&rsquo;\u00e9cologie recouvre des domaines tr\u00e8s vari\u00e9s. Bas\u00e9e sur le respect de l&rsquo;environnement, elle inclut le respect de soi, des autres, les relations entre les personnes et au monde. Primev\u00e8re tend \u00e0 pr\u00e9senter les diff\u00e9rents aspects de cette \u00e9cologie, des id\u00e9es aux applications, m\u00eame si les pratiques et les pens\u00e9es sont parfois contradictoires.<\/p>\n<p>L&rsquo;association organise le salon-rencontres autour de quatre id\u00e9es fortes :<\/p>\n<ul>\n<li>&#8211; Promouvoir les d\u00e9marches alternatives.<\/li>\n<li>&#8211; Sensibiliser le grand public.<\/li>\n<li>&#8211; D\u00e9velopper une meilleure communication entre les partenaires de l\u2019\u00e9cologie.<\/li>\n<li>&#8211; Proposer aux personnes d\u00e9j\u00e0 sensibilis\u00e9es des sujets \u00e0 la pointe de l\u2019actualit\u00e9 de l\u2019alter-\u00e9cologie.<\/li>\n<\/ul>\n<h3>INVITER \u00c0 LA RENCONTRE<\/h3>\n<p>Le salon-rencontres Primev\u00e8re r\u00e9unit aujourd&rsquo;hui sur les 3 jours :<\/p>\n<ul>\n<li>&#8211; 500 exposants<\/li>\n<li>&#8211; 200 intervenants<\/li>\n<li>&#8211; 250 b\u00e9n\u00e9voles<\/li>\n<li>&#8211; 30 000 visiteurs, avec 10 000 personnes en salle de conf\u00e9rences et 1 400 enfants accueillis sur l\u2019espace enfants.<\/li>\n<\/ul>\n<h3>ORGANISER UN ESPACE DE QUALIT\u00c9<\/h3>\n<p>Nos objectifs se traduisent dans l&rsquo;implantation m\u00eame du salon :<\/p>\n<ul>\n<li>&#8211; 50% de la surface du salon est r\u00e9serv\u00e9e aux exposants.<\/li>\n<li>&#8211; 50% est d\u00e9di\u00e9e aux espaces d&rsquo;animations et de rencontres.<\/li>\n<li>&#8211; Un espace de plus de 700 m2 r\u00e9serv\u00e9 aux enfants de 4 \u00e0 12 ans.<\/li>\n<\/ul>\n<h3>AVEC LES ENFANTS<\/h3>\n<p>Parce que les jeunes g\u00e9n\u00e9rations auront \u00e0 leur tour \u00e0 se poser des questions et \u00e0 affirmer leurs valeurs de l&rsquo;\u00e9cologie, Primev\u00e8re leur consacre une place importante sur le salon. Au del\u00e0 d\u2019une simple garderie, l&rsquo;espace enfants est construit sur l\u2019exp\u00e9rimentation, l\u2019apprentissage et la d\u00e9couverte des notions de l\u2019\u00e9cologie. <\/p>\n<h2>Salon primev\u00e8re 2022<\/h2>\n<p>450 exposants ont r\u00e9pondu pr\u00e9sents et nous avons mis du c\u0153ur et de la conviction pour vous concocter un programme riche de rencontres. On esp\u00e8re qu&rsquo;il vous plaira !<br \/>\nEn esp\u00e9rant vous retrouver nombreux pour cette <a href=\"http:\/\/salonprimevere.org\/\" rel=\"noopener\" target=\"_blank\">36\u00b0 \u00e9dition !<\/a> !<\/p>\n<h2>Vous ne pouvez pas participer au Salon Primev\u00e8re 2022 ?<\/h2>\n<p>Retrouvez notre gamme de granolas bio sur notre <a href=\"https:\/\/lamaindanslebol.fr\/boutique\/\" rel=\"noopener\" target=\"_blank\">boutique en ligne<\/a> La Main dans le Bol !<\/p>\n","protected":false},"excerpt":{"rendered":"<p>RDV cette fin de mois de F\u00e9vrier \u00e0 Eurexpo pour la 36e \u00e9dition de Primev\u00e8re. Nous serons install\u00e9es au stand S309 pour vous proposer la (re)d\u00e9couverte de nos granolas bio fabriqu\u00e9s en r\u00e9gion lyonnaise. Nous les proposerons \u00e0 la vente au d\u00e9tail en sachets et en vrac. N\u2019oubliez pas d\u2019apporter vos contenants (sachets, bocaux, sac &hellip; <a href=\"https:\/\/lamaindanslebol.fr\/actualites\/2022\/02\/24\/foire-bio-de-lalter-ecologie-du-25-au-27-fevrier-2022\/\" class=\"more-link\">Continuer la lecture de <span class=\"screen-reader-text\">Foire bio de l\u2019alter-\u00e9cologie du 25 au 27 F\u00e9vrier 2022<\/span><\/a><\/p>\n","protected":false},"author":2,"featured_media":0,"comment_status":"open","ping_status":"open","sticky":false,"template":"","format":"standard","meta":{"footnotes":""},"categories":[12,2,5],"tags":[7,17,26,31,32,21,25,28,16],"class_list":["post-337","post","type-post","status-publish","format-standard","hentry","category-environnement","category-evenements","category-santenutrition","tag-artisan-granola","tag-cereale-foire-bio","tag-cereales-granola","tag-consommation-durable","tag-consommation-responsable","tag-fabricant-granola-bio","tag-granola-maison-healthy","tag-healthy-food","tag-salon-bio-granola"],"yoast_head":"<!-- This site is optimized with the Yoast SEO plugin v26.6 - https:\/\/yoast.com\/wordpress\/plugins\/seo\/ -->\n<title>Salon primev\u00e8re 2022 | Du 25 au 27 F\u00e9vrier 2022 | A Eurexpo | Lyon<\/title>\n<meta name=\"description\" content=\"L&#039;association du Salon Primev\u00e8re 2022 est heureuse de pouvoir maintenir un \u00e9v\u00e8nement vecteur de rencontres, de r\u00e9flexions, d&#039;alternatives...\" \/>\n<meta name=\"robots\" content=\"index, follow, max-snippet:-1, max-image-preview:large, max-video-preview:-1\" \/>\n<link rel=\"canonical\" href=\"https:\/\/lamaindanslebol.fr\/actualites\/2022\/02\/24\/foire-bio-de-lalter-ecologie-du-25-au-27-fevrier-2022\/\" \/>\n<meta property=\"og:locale\" content=\"fr_FR\" \/>\n<meta property=\"og:type\" content=\"article\" \/>\n<meta property=\"og:title\" content=\"Salon primev\u00e8re 2022 | Du 25 au 27 F\u00e9vrier 2022 | A Eurexpo | Lyon\" \/>\n<meta property=\"og:description\" content=\"L&#039;association du Salon Primev\u00e8re 2022 est heureuse de pouvoir maintenir un \u00e9v\u00e8nement vecteur de rencontres, de r\u00e9flexions, d&#039;alternatives...\" \/>\n<meta property=\"og:url\" content=\"https:\/\/lamaindanslebol.fr\/actualites\/2022\/02\/24\/foire-bio-de-lalter-ecologie-du-25-au-27-fevrier-2022\/\" \/>\n<meta property=\"og:site_name\" content=\"Blog la main dans le bol - Artisan granola bio\" \/>\n<meta property=\"article:published_time\" content=\"2022-02-24T14:47:01+00:00\" \/>\n<meta property=\"article:modified_time\" content=\"2022-02-24T16:31:56+00:00\" \/>\n<meta property=\"og:image\" content=\"https:\/\/lamaindanslebol.fr\/actualites\/wp-content\/uploads\/2022\/02\/salon-primevere-2022-salon-rencontre-alter-ecologie-36-edition.jpg\" \/>\n<meta name=\"author\" content=\"Margaux Court\" \/>\n<meta name=\"twitter:card\" content=\"summary_large_image\" \/>\n<meta name=\"twitter:label1\" content=\"\u00c9crit par\" \/>\n\t<meta name=\"twitter:data1\" content=\"Margaux Court\" \/>\n\t<meta name=\"twitter:label2\" content=\"Dur\u00e9e de lecture estim\u00e9e\" \/>\n\t<meta name=\"twitter:data2\" content=\"3 minutes\" \/>\n<script type=\"application\/ld+json\" class=\"yoast-schema-graph\">{\"@context\":\"https:\/\/schema.org\",\"@graph\":[{\"@type\":\"Article\",\"@id\":\"https:\/\/lamaindanslebol.fr\/actualites\/2022\/02\/24\/foire-bio-de-lalter-ecologie-du-25-au-27-fevrier-2022\/#article\",\"isPartOf\":{\"@id\":\"https:\/\/lamaindanslebol.fr\/actualites\/2022\/02\/24\/foire-bio-de-lalter-ecologie-du-25-au-27-fevrier-2022\/\"},\"author\":{\"name\":\"Margaux Court\",\"@id\":\"https:\/\/lamaindanslebol.fr\/actualites\/#\/schema\/person\/560d9163e078b444af7aafd4f9f09878\"},\"headline\":\"Foire bio de l\u2019alter-\u00e9cologie du 25 au 27 F\u00e9vrier 2022\",\"datePublished\":\"2022-02-24T14:47:01+00:00\",\"dateModified\":\"2022-02-24T16:31:56+00:00\",\"mainEntityOfPage\":{\"@id\":\"https:\/\/lamaindanslebol.fr\/actualites\/2022\/02\/24\/foire-bio-de-lalter-ecologie-du-25-au-27-fevrier-2022\/\"},\"wordCount\":593,\"commentCount\":0,\"publisher\":{\"@id\":\"https:\/\/lamaindanslebol.fr\/actualites\/#organization\"},\"image\":{\"@id\":\"https:\/\/lamaindanslebol.fr\/actualites\/2022\/02\/24\/foire-bio-de-lalter-ecologie-du-25-au-27-fevrier-2022\/#primaryimage\"},\"thumbnailUrl\":\"https:\/\/lamaindanslebol.fr\/actualites\/wp-content\/uploads\/2022\/02\/salon-primevere-2022-salon-rencontre-alter-ecologie-36-edition.jpg\",\"keywords\":[\"Artisan granola\",\"c\u00e9r\u00e9ales foire bio\",\"C\u00e9r\u00e9ales granola\",\"Consommation durable\",\"Consommation responsable\",\"fabricant granola bio\",\"Granola maison healthy\",\"Healthy food\",\"salon bio granola\"],\"articleSection\":[\"Environnement\",\"\u00c9v\u00e8nements\",\"Sant\u00e9&amp;Nutrition\"],\"inLanguage\":\"fr-FR\",\"potentialAction\":[{\"@type\":\"CommentAction\",\"name\":\"Comment\",\"target\":[\"https:\/\/lamaindanslebol.fr\/actualites\/2022\/02\/24\/foire-bio-de-lalter-ecologie-du-25-au-27-fevrier-2022\/#respond\"]}]},{\"@type\":\"WebPage\",\"@id\":\"https:\/\/lamaindanslebol.fr\/actualites\/2022\/02\/24\/foire-bio-de-lalter-ecologie-du-25-au-27-fevrier-2022\/\",\"url\":\"https:\/\/lamaindanslebol.fr\/actualites\/2022\/02\/24\/foire-bio-de-lalter-ecologie-du-25-au-27-fevrier-2022\/\",\"name\":\"Salon primev\u00e8re 2022 | Du 25 au 27 F\u00e9vrier 2022 | A Eurexpo | Lyon\",\"isPartOf\":{\"@id\":\"https:\/\/lamaindanslebol.fr\/actualites\/#website\"},\"primaryImageOfPage\":{\"@id\":\"https:\/\/lamaindanslebol.fr\/actualites\/2022\/02\/24\/foire-bio-de-lalter-ecologie-du-25-au-27-fevrier-2022\/#primaryimage\"},\"image\":{\"@id\":\"https:\/\/lamaindanslebol.fr\/actualites\/2022\/02\/24\/foire-bio-de-lalter-ecologie-du-25-au-27-fevrier-2022\/#primaryimage\"},\"thumbnailUrl\":\"https:\/\/lamaindanslebol.fr\/actualites\/wp-content\/uploads\/2022\/02\/salon-primevere-2022-salon-rencontre-alter-ecologie-36-edition.jpg\",\"datePublished\":\"2022-02-24T14:47:01+00:00\",\"dateModified\":\"2022-02-24T16:31:56+00:00\",\"description\":\"L'association du Salon Primev\u00e8re 2022 est heureuse de pouvoir maintenir un \u00e9v\u00e8nement vecteur de rencontres, de r\u00e9flexions, d'alternatives...\",\"breadcrumb\":{\"@id\":\"https:\/\/lamaindanslebol.fr\/actualites\/2022\/02\/24\/foire-bio-de-lalter-ecologie-du-25-au-27-fevrier-2022\/#breadcrumb\"},\"inLanguage\":\"fr-FR\",\"potentialAction\":[{\"@type\":\"ReadAction\",\"target\":[\"https:\/\/lamaindanslebol.fr\/actualites\/2022\/02\/24\/foire-bio-de-lalter-ecologie-du-25-au-27-fevrier-2022\/\"]}]},{\"@type\":\"ImageObject\",\"inLanguage\":\"fr-FR\",\"@id\":\"https:\/\/lamaindanslebol.fr\/actualites\/2022\/02\/24\/foire-bio-de-lalter-ecologie-du-25-au-27-fevrier-2022\/#primaryimage\",\"url\":\"https:\/\/lamaindanslebol.fr\/actualites\/wp-content\/uploads\/2022\/02\/salon-primevere-2022-salon-rencontre-alter-ecologie-36-edition.jpg\",\"contentUrl\":\"https:\/\/lamaindanslebol.fr\/actualites\/wp-content\/uploads\/2022\/02\/salon-primevere-2022-salon-rencontre-alter-ecologie-36-edition.jpg\",\"width\":1195,\"height\":800},{\"@type\":\"BreadcrumbList\",\"@id\":\"https:\/\/lamaindanslebol.fr\/actualites\/2022\/02\/24\/foire-bio-de-lalter-ecologie-du-25-au-27-fevrier-2022\/#breadcrumb\",\"itemListElement\":[{\"@type\":\"ListItem\",\"position\":1,\"name\":\"Accueil\",\"item\":\"https:\/\/lamaindanslebol.fr\/actualites\/\"},{\"@type\":\"ListItem\",\"position\":2,\"name\":\"Foire bio de l\u2019alter-\u00e9cologie du 25 au 27 F\u00e9vrier 2022\"}]},{\"@type\":\"WebSite\",\"@id\":\"https:\/\/lamaindanslebol.fr\/actualites\/#website\",\"url\":\"https:\/\/lamaindanslebol.fr\/actualites\/\",\"name\":\"Blog la main dans le bol - Artisan granola bio\",\"description\":\"\",\"publisher\":{\"@id\":\"https:\/\/lamaindanslebol.fr\/actualites\/#organization\"},\"potentialAction\":[{\"@type\":\"SearchAction\",\"target\":{\"@type\":\"EntryPoint\",\"urlTemplate\":\"https:\/\/lamaindanslebol.fr\/actualites\/?s={search_term_string}\"},\"query-input\":{\"@type\":\"PropertyValueSpecification\",\"valueRequired\":true,\"valueName\":\"search_term_string\"}}],\"inLanguage\":\"fr-FR\"},{\"@type\":\"Organization\",\"@id\":\"https:\/\/lamaindanslebol.fr\/actualites\/#organization\",\"name\":\"Blog la main dans le bol - Artisan granola bio\",\"url\":\"https:\/\/lamaindanslebol.fr\/actualites\/\",\"logo\":{\"@type\":\"ImageObject\",\"inLanguage\":\"fr-FR\",\"@id\":\"https:\/\/lamaindanslebol.fr\/actualites\/#\/schema\/logo\/image\/\",\"url\":\"https:\/\/lamaindanslebol.fr\/actualites\/wp-content\/uploads\/2019\/10\/cropped-logo-blog-la-main-dans-le-bol-fabricant-cereales-granola-bio.png\",\"contentUrl\":\"https:\/\/lamaindanslebol.fr\/actualites\/wp-content\/uploads\/2019\/10\/cropped-logo-blog-la-main-dans-le-bol-fabricant-cereales-granola-bio.png\",\"width\":248,\"height\":216,\"caption\":\"Blog la main dans le bol - Artisan granola bio\"},\"image\":{\"@id\":\"https:\/\/lamaindanslebol.fr\/actualites\/#\/schema\/logo\/image\/\"}},{\"@type\":\"Person\",\"@id\":\"https:\/\/lamaindanslebol.fr\/actualites\/#\/schema\/person\/560d9163e078b444af7aafd4f9f09878\",\"name\":\"Margaux Court\",\"image\":{\"@type\":\"ImageObject\",\"inLanguage\":\"fr-FR\",\"@id\":\"https:\/\/lamaindanslebol.fr\/actualites\/#\/schema\/person\/image\/\",\"url\":\"https:\/\/secure.gravatar.com\/avatar\/dc72db8577f39a03f273a24343610f8d721569d02ab83e59d46a10a24bc3e439?s=96&d=mm&r=g\",\"contentUrl\":\"https:\/\/secure.gravatar.com\/avatar\/dc72db8577f39a03f273a24343610f8d721569d02ab83e59d46a10a24bc3e439?s=96&d=mm&r=g\",\"caption\":\"Margaux Court\"},\"sameAs\":[\"https:\/\/lamaindanslebol.fr\/\"],\"url\":\"https:\/\/lamaindanslebol.fr\/actualites\/author\/margaux-court-blog\/\"}]}<\/script>\n<!-- \/ Yoast SEO plugin. -->","yoast_head_json":{"title":"Salon primev\u00e8re 2022 | Du 25 au 27 F\u00e9vrier 2022 | A Eurexpo | Lyon","description":"L'association du Salon Primev\u00e8re 2022 est heureuse de pouvoir maintenir un \u00e9v\u00e8nement vecteur de rencontres, de r\u00e9flexions, d'alternatives...","robots":{"index":"index","follow":"follow","max-snippet":"max-snippet:-1","max-image-preview":"max-image-preview:large","max-video-preview":"max-video-preview:-1"},"canonical":"https:\/\/lamaindanslebol.fr\/actualites\/2022\/02\/24\/foire-bio-de-lalter-ecologie-du-25-au-27-fevrier-2022\/","og_locale":"fr_FR","og_type":"article","og_title":"Salon primev\u00e8re 2022 | Du 25 au 27 F\u00e9vrier 2022 | A Eurexpo | Lyon","og_description":"L'association du Salon Primev\u00e8re 2022 est heureuse de pouvoir maintenir un \u00e9v\u00e8nement vecteur de rencontres, de r\u00e9flexions, d'alternatives...","og_url":"https:\/\/lamaindanslebol.fr\/actualites\/2022\/02\/24\/foire-bio-de-lalter-ecologie-du-25-au-27-fevrier-2022\/","og_site_name":"Blog la main dans le bol - Artisan granola bio","article_published_time":"2022-02-24T14:47:01+00:00","article_modified_time":"2022-02-24T16:31:56+00:00","og_image":[{"url":"https:\/\/lamaindanslebol.fr\/actualites\/wp-content\/uploads\/2022\/02\/salon-primevere-2022-salon-rencontre-alter-ecologie-36-edition.jpg","type":"","width":"","height":""}],"author":"Margaux Court","twitter_card":"summary_large_image","twitter_misc":{"\u00c9crit par":"Margaux Court","Dur\u00e9e de lecture estim\u00e9e":"3 minutes"},"schema":{"@context":"https:\/\/schema.org","@graph":[{"@type":"Article","@id":"https:\/\/lamaindanslebol.fr\/actualites\/2022\/02\/24\/foire-bio-de-lalter-ecologie-du-25-au-27-fevrier-2022\/#article","isPartOf":{"@id":"https:\/\/lamaindanslebol.fr\/actualites\/2022\/02\/24\/foire-bio-de-lalter-ecologie-du-25-au-27-fevrier-2022\/"},"author":{"name":"Margaux Court","@id":"https:\/\/lamaindanslebol.fr\/actualites\/#\/schema\/person\/560d9163e078b444af7aafd4f9f09878"},"headline":"Foire bio de l\u2019alter-\u00e9cologie du 25 au 27 F\u00e9vrier 2022","datePublished":"2022-02-24T14:47:01+00:00","dateModified":"2022-02-24T16:31:56+00:00","mainEntityOfPage":{"@id":"https:\/\/lamaindanslebol.fr\/actualites\/2022\/02\/24\/foire-bio-de-lalter-ecologie-du-25-au-27-fevrier-2022\/"},"wordCount":593,"commentCount":0,"publisher":{"@id":"https:\/\/lamaindanslebol.fr\/actualites\/#organization"},"image":{"@id":"https:\/\/lamaindanslebol.fr\/actualites\/2022\/02\/24\/foire-bio-de-lalter-ecologie-du-25-au-27-fevrier-2022\/#primaryimage"},"thumbnailUrl":"https:\/\/lamaindanslebol.fr\/actualites\/wp-content\/uploads\/2022\/02\/salon-primevere-2022-salon-rencontre-alter-ecologie-36-edition.jpg","keywords":["Artisan granola","c\u00e9r\u00e9ales foire bio","C\u00e9r\u00e9ales granola","Consommation durable","Consommation responsable","fabricant granola bio","Granola maison healthy","Healthy food","salon bio granola"],"articleSection":["Environnement","\u00c9v\u00e8nements","Sant\u00e9&amp;Nutrition"],"inLanguage":"fr-FR","potentialAction":[{"@type":"CommentAction","name":"Comment","target":["https:\/\/lamaindanslebol.fr\/actualites\/2022\/02\/24\/foire-bio-de-lalter-ecologie-du-25-au-27-fevrier-2022\/#respond"]}]},{"@type":"WebPage","@id":"https:\/\/lamaindanslebol.fr\/actualites\/2022\/02\/24\/foire-bio-de-lalter-ecologie-du-25-au-27-fevrier-2022\/","url":"https:\/\/lamaindanslebol.fr\/actualites\/2022\/02\/24\/foire-bio-de-lalter-ecologie-du-25-au-27-fevrier-2022\/","name":"Salon primev\u00e8re 2022 | Du 25 au 27 F\u00e9vrier 2022 | A Eurexpo | Lyon","isPartOf":{"@id":"https:\/\/lamaindanslebol.fr\/actualites\/#website"},"primaryImageOfPage":{"@id":"https:\/\/lamaindanslebol.fr\/actualites\/2022\/02\/24\/foire-bio-de-lalter-ecologie-du-25-au-27-fevrier-2022\/#primaryimage"},"image":{"@id":"https:\/\/lamaindanslebol.fr\/actualites\/2022\/02\/24\/foire-bio-de-lalter-ecologie-du-25-au-27-fevrier-2022\/#primaryimage"},"thumbnailUrl":"https:\/\/lamaindanslebol.fr\/actualites\/wp-content\/uploads\/2022\/02\/salon-primevere-2022-salon-rencontre-alter-ecologie-36-edition.jpg","datePublished":"2022-02-24T14:47:01+00:00","dateModified":"2022-02-24T16:31:56+00:00","description":"L'association du Salon Primev\u00e8re 2022 est heureuse de pouvoir maintenir un \u00e9v\u00e8nement vecteur de rencontres, de r\u00e9flexions, d'alternatives...","breadcrumb":{"@id":"https:\/\/lamaindanslebol.fr\/actualites\/2022\/02\/24\/foire-bio-de-lalter-ecologie-du-25-au-27-fevrier-2022\/#breadcrumb"},"inLanguage":"fr-FR","potentialAction":[{"@type":"ReadAction","target":["https:\/\/lamaindanslebol.fr\/actualites\/2022\/02\/24\/foire-bio-de-lalter-ecologie-du-25-au-27-fevrier-2022\/"]}]},{"@type":"ImageObject","inLanguage":"fr-FR","@id":"https:\/\/lamaindanslebol.fr\/actualites\/2022\/02\/24\/foire-bio-de-lalter-ecologie-du-25-au-27-fevrier-2022\/#primaryimage","url":"https:\/\/lamaindanslebol.fr\/actualites\/wp-content\/uploads\/2022\/02\/salon-primevere-2022-salon-rencontre-alter-ecologie-36-edition.jpg","contentUrl":"https:\/\/lamaindanslebol.fr\/actualites\/wp-content\/uploads\/2022\/02\/salon-primevere-2022-salon-rencontre-alter-ecologie-36-edition.jpg","width":1195,"height":800},{"@type":"BreadcrumbList","@id":"https:\/\/lamaindanslebol.fr\/actualites\/2022\/02\/24\/foire-bio-de-lalter-ecologie-du-25-au-27-fevrier-2022\/#breadcrumb","itemListElement":[{"@type":"ListItem","position":1,"name":"Accueil","item":"https:\/\/lamaindanslebol.fr\/actualites\/"},{"@type":"ListItem","position":2,"name":"Foire bio de l\u2019alter-\u00e9cologie du 25 au 27 F\u00e9vrier 2022"}]},{"@type":"WebSite","@id":"https:\/\/lamaindanslebol.fr\/actualites\/#website","url":"https:\/\/lamaindanslebol.fr\/actualites\/","name":"Blog la main dans le bol - Artisan granola bio","description":"","publisher":{"@id":"https:\/\/lamaindanslebol.fr\/actualites\/#organization"},"potentialAction":[{"@type":"SearchAction","target":{"@type":"EntryPoint","urlTemplate":"https:\/\/lamaindanslebol.fr\/actualites\/?s={search_term_string}"},"query-input":{"@type":"PropertyValueSpecification","valueRequired":true,"valueName":"search_term_string"}}],"inLanguage":"fr-FR"},{"@type":"Organization","@id":"https:\/\/lamaindanslebol.fr\/actualites\/#organization","name":"Blog la main dans le bol - Artisan granola bio","url":"https:\/\/lamaindanslebol.fr\/actualites\/","logo":{"@type":"ImageObject","inLanguage":"fr-FR","@id":"https:\/\/lamaindanslebol.fr\/actualites\/#\/schema\/logo\/image\/","url":"https:\/\/lamaindanslebol.fr\/actualites\/wp-content\/uploads\/2019\/10\/cropped-logo-blog-la-main-dans-le-bol-fabricant-cereales-granola-bio.png","contentUrl":"https:\/\/lamaindanslebol.fr\/actualites\/wp-content\/uploads\/2019\/10\/cropped-logo-blog-la-main-dans-le-bol-fabricant-cereales-granola-bio.png","width":248,"height":216,"caption":"Blog la main dans le bol - Artisan granola bio"},"image":{"@id":"https:\/\/lamaindanslebol.fr\/actualites\/#\/schema\/logo\/image\/"}},{"@type":"Person","@id":"https:\/\/lamaindanslebol.fr\/actualites\/#\/schema\/person\/560d9163e078b444af7aafd4f9f09878","name":"Margaux Court","image":{"@type":"ImageObject","inLanguage":"fr-FR","@id":"https:\/\/lamaindanslebol.fr\/actualites\/#\/schema\/person\/image\/","url":"https:\/\/secure.gravatar.com\/avatar\/dc72db8577f39a03f273a24343610f8d721569d02ab83e59d46a10a24bc3e439?s=96&d=mm&r=g","contentUrl":"https:\/\/secure.gravatar.com\/avatar\/dc72db8577f39a03f273a24343610f8d721569d02ab83e59d46a10a24bc3e439?s=96&d=mm&r=g","caption":"Margaux Court"},"sameAs":["https:\/\/lamaindanslebol.fr\/"],"url":"https:\/\/lamaindanslebol.fr\/actualites\/author\/margaux-court-blog\/"}]}},"_links":{"self":[{"href":"https:\/\/lamaindanslebol.fr\/actualites\/wp-json\/wp\/v2\/posts\/337","targetHints":{"allow":["GET"]}}],"collection":[{"href":"https:\/\/lamaindanslebol.fr\/actualites\/wp-json\/wp\/v2\/posts"}],"about":[{"href":"https:\/\/lamaindanslebol.fr\/actualites\/wp-json\/wp\/v2\/types\/post"}],"author":[{"embeddable":true,"href":"https:\/\/lamaindanslebol.fr\/actualites\/wp-json\/wp\/v2\/users\/2"}],"replies":[{"embeddable":true,"href":"https:\/\/lamaindanslebol.fr\/actualites\/wp-json\/wp\/v2\/comments?post=337"}],"version-history":[{"count":4,"href":"https:\/\/lamaindanslebol.fr\/actualites\/wp-json\/wp\/v2\/posts\/337\/revisions"}],"predecessor-version":[{"id":350,"href":"https:\/\/lamaindanslebol.fr\/actualites\/wp-json\/wp\/v2\/posts\/337\/revisions\/350"}],"wp:attachment":[{"href":"https:\/\/lamaindanslebol.fr\/actualites\/wp-json\/wp\/v2\/media?parent=337"}],"wp:term":[{"taxonomy":"category","embeddable":true,"href":"https:\/\/lamaindanslebol.fr\/actualites\/wp-json\/wp\/v2\/categories?post=337"},{"taxonomy":"post_tag","embeddable":true,"href":"https:\/\/lamaindanslebol.fr\/actualites\/wp-json\/wp\/v2\/tags?post=337"}],"curies":[{"name":"wp","href":"https:\/\/api.w.org\/{rel}","templated":true}]}}