{"id":354,"date":"2022-03-07T09:38:49","date_gmt":"2022-03-07T08:38:49","guid":{"rendered":"https:\/\/lamaindanslebol.fr\/actualites\/?p=354"},"modified":"2022-03-07T09:39:34","modified_gmt":"2022-03-07T08:39:34","slug":"notre-nouvelle-gamme-des-pepises-de-granola-est-enfin-disponible","status":"publish","type":"post","link":"https:\/\/lamaindanslebol.fr\/actualites\/2022\/03\/07\/notre-nouvelle-gamme-des-pepises-de-granola-est-enfin-disponible\/","title":{"rendered":"Notre nouvelle gamme des p\u00e9pises de granola est enfin disponible\u00a0!"},"content":{"rendered":"<h2>Le lancement des p\u00e9pises  est effectif depuis Janvier 2022, non sans difficult\u00e9.<\/h2>\n<p>Pour vous expliquer, nous travaillons sur ce projet depuis Juin 2020 avec notamment l\u2019embauche d\u2019une ing\u00e9nieure en R&#038;D qui nous a beaucoup aid\u00e9 pour la cr\u00e9ation de nos deux nouvelles recettes.<br \/>\n<img decoding=\"async\" src=\"https:\/\/lamaindanslebol.fr\/actualites\/wp-content\/uploads\/2022\/03\/nouvelle-gamme-pepises-granola-enfin-disponible-nouveautes-cereales-petit-dejeuner.jpg\" alt=\"Pr\u00e9sentation de notre nouvelle gamme de p\u00e9pises granola, c\u00e9r\u00e9ales pour le petit d\u00e9jeuner\" \/><\/p>\n<p>Puis en D\u00e9cembre 2020, le nom de notre nouvelle gamme sonne comme une \u00e9vidence\u00a0: \u00ab\u00a0les p\u00e9pises\u00a0\u00bb pour la contraction de p\u00e9pites et gourmandise. Logique puisque notre nouveau granola forme de g\u00e9n\u00e9reuses p\u00e9pites croquantes pour de la gourmandise sans fin.<\/p>\n<p>Mais lorsque nous d\u00e9posons le nom aupr\u00e8s de l\u2019INPI, nous sommes somm\u00e9es de changer de nom par une c\u00e9l\u00e8bre marque am\u00e9ricaine de sodas, PEPSI. Ils consid\u00e8rent que notre marque fait concurrence \u00e0 la leur. Plut\u00f4t dr\u00f4le, nous \u00e9tions loin d\u2019imaginer cela lorsque nous avions trouv\u00e9 ce nom. Puis apr\u00e8s plusieurs \u00e9changes, nous avons r\u00e9ussi \u00e0 trouver un accord. En Juillet 2021, officiellement, nous pouvons appeler notre nouvelle gamme \u00ab\u00a0les p\u00e9pises\u00a0\u00bb et travailler sur le packaging. Fin 2021, \u00e7a y est\u00a0: tout est pr\u00eat pour le lancement 2022\u00a0!<\/p>\n<h2>Mais alors c\u2019est quoi cette nouvelle gamme p\u00e9pises de granola ?<\/h2>\n<p>Les p\u00e9pises de granola se caract\u00e9risent par de grosses p\u00e9pites gourmandes que l\u2019on peut saisir \u00e0 2 doigts pour les d\u00e9guster sur le pouce.<br \/>\nLes deux recettes cr\u00e9\u00e9es sont aussi gourmandes que croquantes et saines gr\u00e2ce \u00e0 une faible teneur en sucre.<br \/>\nDeux saveurs sont disponibles\u00a0: Crocolat et Crocamande. Les formats disponibles sont des sachets de 300g, 600g et en vrac.<\/p>\n<h2>Alors \u00e0 vos marques, croquez !!<\/h2>\n<p>Retrouvez notre nouvelle gamme p\u00e9pises de granolas bio sur notre <a href=\"https:\/\/lamaindanslebol.fr\/categorie-produit\/les-pepises\/\" rel=\"noopener\" target=\"_blank\">boutique en ligne<\/a> La Main dans le Bol !<\/p>\n<p>Retrouvez notre gamme de granolas bio sur notre <a href=\"https:\/\/lamaindanslebol.fr\/boutique\/\" rel=\"noopener\" target=\"_blank\">boutique en ligne<\/a> La Main dans le Bol !<\/p>\n","protected":false},"excerpt":{"rendered":"<p>Le lancement des p\u00e9pises est effectif depuis Janvier 2022, non sans difficult\u00e9. Pour vous expliquer, nous travaillons sur ce projet depuis Juin 2020 avec notamment l\u2019embauche d\u2019une ing\u00e9nieure en R&#038;D qui nous a beaucoup aid\u00e9 pour la cr\u00e9ation de nos deux nouvelles recettes. Puis en D\u00e9cembre 2020, le nom de notre nouvelle gamme sonne comme &hellip; <a href=\"https:\/\/lamaindanslebol.fr\/actualites\/2022\/03\/07\/notre-nouvelle-gamme-des-pepises-de-granola-est-enfin-disponible\/\" class=\"more-link\">Continuer la lecture de <span class=\"screen-reader-text\">Notre nouvelle gamme des p\u00e9pises de granola est enfin disponible\u00a0!<\/span><\/a><\/p>\n","protected":false},"author":2,"featured_media":0,"comment_status":"open","ping_status":"open","sticky":false,"template":"","format":"standard","meta":{"footnotes":""},"categories":[2,36,34,5],"tags":[7,26,6,33],"class_list":["post-354","post","type-post","status-publish","format-standard","hentry","category-evenements","category-healthy-granola","category-petit-dejeuner","category-santenutrition","tag-artisan-granola","tag-cereales-granola","tag-cereales-petit-dejeuner","tag-petit-dejeuner"],"yoast_head":"<!-- This site is optimized with the Yoast SEO plugin v26.6 - https:\/\/yoast.com\/wordpress\/plugins\/seo\/ -->\n<title>Notre nouvelle gamme des p\u00e9pises de granola est enfin disponible !<\/title>\n<meta name=\"description\" content=\"Les deux nouvelles recettes p\u00e9pises sont aussi gourmandes que croquantes et saines avec une faible teneur en sucre. Crocolat et Crocamande.\" \/>\n<meta name=\"robots\" content=\"index, follow, max-snippet:-1, max-image-preview:large, max-video-preview:-1\" \/>\n<link rel=\"canonical\" href=\"https:\/\/lamaindanslebol.fr\/actualites\/2022\/03\/07\/notre-nouvelle-gamme-des-pepises-de-granola-est-enfin-disponible\/\" \/>\n<meta property=\"og:locale\" content=\"fr_FR\" \/>\n<meta property=\"og:type\" content=\"article\" \/>\n<meta property=\"og:title\" content=\"Notre nouvelle gamme des p\u00e9pises de granola est enfin disponible !\" \/>\n<meta property=\"og:description\" content=\"Les deux nouvelles recettes p\u00e9pises sont aussi gourmandes que croquantes et saines avec une faible teneur en sucre. Crocolat et Crocamande.\" \/>\n<meta property=\"og:url\" content=\"https:\/\/lamaindanslebol.fr\/actualites\/2022\/03\/07\/notre-nouvelle-gamme-des-pepises-de-granola-est-enfin-disponible\/\" \/>\n<meta property=\"og:site_name\" content=\"Blog la main dans le bol - Artisan granola bio\" \/>\n<meta property=\"article:published_time\" content=\"2022-03-07T08:38:49+00:00\" \/>\n<meta property=\"article:modified_time\" content=\"2022-03-07T08:39:34+00:00\" \/>\n<meta property=\"og:image\" content=\"https:\/\/lamaindanslebol.fr\/actualites\/wp-content\/uploads\/2022\/03\/nouvelle-gamme-pepises-granola-enfin-disponible-nouveautes-cereales-petit-dejeuner.jpg\" \/>\n<meta name=\"author\" content=\"Margaux Court\" \/>\n<meta name=\"twitter:card\" content=\"summary_large_image\" \/>\n<meta name=\"twitter:label1\" content=\"\u00c9crit par\" \/>\n\t<meta name=\"twitter:data1\" content=\"Margaux Court\" \/>\n\t<meta name=\"twitter:label2\" content=\"Dur\u00e9e de lecture estim\u00e9e\" \/>\n\t<meta name=\"twitter:data2\" content=\"2 minutes\" \/>\n<script type=\"application\/ld+json\" class=\"yoast-schema-graph\">{\"@context\":\"https:\/\/schema.org\",\"@graph\":[{\"@type\":\"Article\",\"@id\":\"https:\/\/lamaindanslebol.fr\/actualites\/2022\/03\/07\/notre-nouvelle-gamme-des-pepises-de-granola-est-enfin-disponible\/#article\",\"isPartOf\":{\"@id\":\"https:\/\/lamaindanslebol.fr\/actualites\/2022\/03\/07\/notre-nouvelle-gamme-des-pepises-de-granola-est-enfin-disponible\/\"},\"author\":{\"name\":\"Margaux Court\",\"@id\":\"https:\/\/lamaindanslebol.fr\/actualites\/#\/schema\/person\/560d9163e078b444af7aafd4f9f09878\"},\"headline\":\"Notre nouvelle gamme des p\u00e9pises de granola est enfin disponible\u00a0!\",\"datePublished\":\"2022-03-07T08:38:49+00:00\",\"dateModified\":\"2022-03-07T08:39:34+00:00\",\"mainEntityOfPage\":{\"@id\":\"https:\/\/lamaindanslebol.fr\/actualites\/2022\/03\/07\/notre-nouvelle-gamme-des-pepises-de-granola-est-enfin-disponible\/\"},\"wordCount\":315,\"commentCount\":0,\"publisher\":{\"@id\":\"https:\/\/lamaindanslebol.fr\/actualites\/#organization\"},\"image\":{\"@id\":\"https:\/\/lamaindanslebol.fr\/actualites\/2022\/03\/07\/notre-nouvelle-gamme-des-pepises-de-granola-est-enfin-disponible\/#primaryimage\"},\"thumbnailUrl\":\"https:\/\/lamaindanslebol.fr\/actualites\/wp-content\/uploads\/2022\/03\/nouvelle-gamme-pepises-granola-enfin-disponible-nouveautes-cereales-petit-dejeuner.jpg\",\"keywords\":[\"Artisan granola\",\"C\u00e9r\u00e9ales granola\",\"C\u00e9r\u00e9ales petit d\u00e9jeuner\",\"Petit d\u00e9jeuner\"],\"articleSection\":[\"\u00c9v\u00e8nements\",\"Healthy granola\",\"Petit d\u00e9jeuner\",\"Sant\u00e9&amp;Nutrition\"],\"inLanguage\":\"fr-FR\",\"potentialAction\":[{\"@type\":\"CommentAction\",\"name\":\"Comment\",\"target\":[\"https:\/\/lamaindanslebol.fr\/actualites\/2022\/03\/07\/notre-nouvelle-gamme-des-pepises-de-granola-est-enfin-disponible\/#respond\"]}]},{\"@type\":\"WebPage\",\"@id\":\"https:\/\/lamaindanslebol.fr\/actualites\/2022\/03\/07\/notre-nouvelle-gamme-des-pepises-de-granola-est-enfin-disponible\/\",\"url\":\"https:\/\/lamaindanslebol.fr\/actualites\/2022\/03\/07\/notre-nouvelle-gamme-des-pepises-de-granola-est-enfin-disponible\/\",\"name\":\"Notre nouvelle gamme des p\u00e9pises de granola est enfin disponible !\",\"isPartOf\":{\"@id\":\"https:\/\/lamaindanslebol.fr\/actualites\/#website\"},\"primaryImageOfPage\":{\"@id\":\"https:\/\/lamaindanslebol.fr\/actualites\/2022\/03\/07\/notre-nouvelle-gamme-des-pepises-de-granola-est-enfin-disponible\/#primaryimage\"},\"image\":{\"@id\":\"https:\/\/lamaindanslebol.fr\/actualites\/2022\/03\/07\/notre-nouvelle-gamme-des-pepises-de-granola-est-enfin-disponible\/#primaryimage\"},\"thumbnailUrl\":\"https:\/\/lamaindanslebol.fr\/actualites\/wp-content\/uploads\/2022\/03\/nouvelle-gamme-pepises-granola-enfin-disponible-nouveautes-cereales-petit-dejeuner.jpg\",\"datePublished\":\"2022-03-07T08:38:49+00:00\",\"dateModified\":\"2022-03-07T08:39:34+00:00\",\"description\":\"Les deux nouvelles recettes p\u00e9pises sont aussi gourmandes que croquantes et saines avec une faible teneur en sucre. Crocolat et Crocamande.\",\"breadcrumb\":{\"@id\":\"https:\/\/lamaindanslebol.fr\/actualites\/2022\/03\/07\/notre-nouvelle-gamme-des-pepises-de-granola-est-enfin-disponible\/#breadcrumb\"},\"inLanguage\":\"fr-FR\",\"potentialAction\":[{\"@type\":\"ReadAction\",\"target\":[\"https:\/\/lamaindanslebol.fr\/actualites\/2022\/03\/07\/notre-nouvelle-gamme-des-pepises-de-granola-est-enfin-disponible\/\"]}]},{\"@type\":\"ImageObject\",\"inLanguage\":\"fr-FR\",\"@id\":\"https:\/\/lamaindanslebol.fr\/actualites\/2022\/03\/07\/notre-nouvelle-gamme-des-pepises-de-granola-est-enfin-disponible\/#primaryimage\",\"url\":\"https:\/\/lamaindanslebol.fr\/actualites\/wp-content\/uploads\/2022\/03\/nouvelle-gamme-pepises-granola-enfin-disponible-nouveautes-cereales-petit-dejeuner.jpg\",\"contentUrl\":\"https:\/\/lamaindanslebol.fr\/actualites\/wp-content\/uploads\/2022\/03\/nouvelle-gamme-pepises-granola-enfin-disponible-nouveautes-cereales-petit-dejeuner.jpg\",\"width\":1195,\"height\":800},{\"@type\":\"BreadcrumbList\",\"@id\":\"https:\/\/lamaindanslebol.fr\/actualites\/2022\/03\/07\/notre-nouvelle-gamme-des-pepises-de-granola-est-enfin-disponible\/#breadcrumb\",\"itemListElement\":[{\"@type\":\"ListItem\",\"position\":1,\"name\":\"Accueil\",\"item\":\"https:\/\/lamaindanslebol.fr\/actualites\/\"},{\"@type\":\"ListItem\",\"position\":2,\"name\":\"Notre nouvelle gamme des p\u00e9pises de granola est enfin disponible\u00a0!\"}]},{\"@type\":\"WebSite\",\"@id\":\"https:\/\/lamaindanslebol.fr\/actualites\/#website\",\"url\":\"https:\/\/lamaindanslebol.fr\/actualites\/\",\"name\":\"Blog la main dans le bol - Artisan granola bio\",\"description\":\"\",\"publisher\":{\"@id\":\"https:\/\/lamaindanslebol.fr\/actualites\/#organization\"},\"potentialAction\":[{\"@type\":\"SearchAction\",\"target\":{\"@type\":\"EntryPoint\",\"urlTemplate\":\"https:\/\/lamaindanslebol.fr\/actualites\/?s={search_term_string}\"},\"query-input\":{\"@type\":\"PropertyValueSpecification\",\"valueRequired\":true,\"valueName\":\"search_term_string\"}}],\"inLanguage\":\"fr-FR\"},{\"@type\":\"Organization\",\"@id\":\"https:\/\/lamaindanslebol.fr\/actualites\/#organization\",\"name\":\"Blog la main dans le bol - Artisan granola bio\",\"url\":\"https:\/\/lamaindanslebol.fr\/actualites\/\",\"logo\":{\"@type\":\"ImageObject\",\"inLanguage\":\"fr-FR\",\"@id\":\"https:\/\/lamaindanslebol.fr\/actualites\/#\/schema\/logo\/image\/\",\"url\":\"https:\/\/lamaindanslebol.fr\/actualites\/wp-content\/uploads\/2019\/10\/cropped-logo-blog-la-main-dans-le-bol-fabricant-cereales-granola-bio.png\",\"contentUrl\":\"https:\/\/lamaindanslebol.fr\/actualites\/wp-content\/uploads\/2019\/10\/cropped-logo-blog-la-main-dans-le-bol-fabricant-cereales-granola-bio.png\",\"width\":248,\"height\":216,\"caption\":\"Blog la main dans le bol - Artisan granola bio\"},\"image\":{\"@id\":\"https:\/\/lamaindanslebol.fr\/actualites\/#\/schema\/logo\/image\/\"}},{\"@type\":\"Person\",\"@id\":\"https:\/\/lamaindanslebol.fr\/actualites\/#\/schema\/person\/560d9163e078b444af7aafd4f9f09878\",\"name\":\"Margaux Court\",\"image\":{\"@type\":\"ImageObject\",\"inLanguage\":\"fr-FR\",\"@id\":\"https:\/\/lamaindanslebol.fr\/actualites\/#\/schema\/person\/image\/\",\"url\":\"https:\/\/secure.gravatar.com\/avatar\/dc72db8577f39a03f273a24343610f8d721569d02ab83e59d46a10a24bc3e439?s=96&d=mm&r=g\",\"contentUrl\":\"https:\/\/secure.gravatar.com\/avatar\/dc72db8577f39a03f273a24343610f8d721569d02ab83e59d46a10a24bc3e439?s=96&d=mm&r=g\",\"caption\":\"Margaux Court\"},\"sameAs\":[\"https:\/\/lamaindanslebol.fr\/\"],\"url\":\"https:\/\/lamaindanslebol.fr\/actualites\/author\/margaux-court-blog\/\"}]}<\/script>\n<!-- \/ Yoast SEO plugin. -->","yoast_head_json":{"title":"Notre nouvelle gamme des p\u00e9pises de granola est enfin disponible !","description":"Les deux nouvelles recettes p\u00e9pises sont aussi gourmandes que croquantes et saines avec une faible teneur en sucre. Crocolat et Crocamande.","robots":{"index":"index","follow":"follow","max-snippet":"max-snippet:-1","max-image-preview":"max-image-preview:large","max-video-preview":"max-video-preview:-1"},"canonical":"https:\/\/lamaindanslebol.fr\/actualites\/2022\/03\/07\/notre-nouvelle-gamme-des-pepises-de-granola-est-enfin-disponible\/","og_locale":"fr_FR","og_type":"article","og_title":"Notre nouvelle gamme des p\u00e9pises de granola est enfin disponible !","og_description":"Les deux nouvelles recettes p\u00e9pises sont aussi gourmandes que croquantes et saines avec une faible teneur en sucre. Crocolat et Crocamande.","og_url":"https:\/\/lamaindanslebol.fr\/actualites\/2022\/03\/07\/notre-nouvelle-gamme-des-pepises-de-granola-est-enfin-disponible\/","og_site_name":"Blog la main dans le bol - Artisan granola bio","article_published_time":"2022-03-07T08:38:49+00:00","article_modified_time":"2022-03-07T08:39:34+00:00","og_image":[{"url":"https:\/\/lamaindanslebol.fr\/actualites\/wp-content\/uploads\/2022\/03\/nouvelle-gamme-pepises-granola-enfin-disponible-nouveautes-cereales-petit-dejeuner.jpg","type":"","width":"","height":""}],"author":"Margaux Court","twitter_card":"summary_large_image","twitter_misc":{"\u00c9crit par":"Margaux Court","Dur\u00e9e de lecture estim\u00e9e":"2 minutes"},"schema":{"@context":"https:\/\/schema.org","@graph":[{"@type":"Article","@id":"https:\/\/lamaindanslebol.fr\/actualites\/2022\/03\/07\/notre-nouvelle-gamme-des-pepises-de-granola-est-enfin-disponible\/#article","isPartOf":{"@id":"https:\/\/lamaindanslebol.fr\/actualites\/2022\/03\/07\/notre-nouvelle-gamme-des-pepises-de-granola-est-enfin-disponible\/"},"author":{"name":"Margaux Court","@id":"https:\/\/lamaindanslebol.fr\/actualites\/#\/schema\/person\/560d9163e078b444af7aafd4f9f09878"},"headline":"Notre nouvelle gamme des p\u00e9pises de granola est enfin disponible\u00a0!","datePublished":"2022-03-07T08:38:49+00:00","dateModified":"2022-03-07T08:39:34+00:00","mainEntityOfPage":{"@id":"https:\/\/lamaindanslebol.fr\/actualites\/2022\/03\/07\/notre-nouvelle-gamme-des-pepises-de-granola-est-enfin-disponible\/"},"wordCount":315,"commentCount":0,"publisher":{"@id":"https:\/\/lamaindanslebol.fr\/actualites\/#organization"},"image":{"@id":"https:\/\/lamaindanslebol.fr\/actualites\/2022\/03\/07\/notre-nouvelle-gamme-des-pepises-de-granola-est-enfin-disponible\/#primaryimage"},"thumbnailUrl":"https:\/\/lamaindanslebol.fr\/actualites\/wp-content\/uploads\/2022\/03\/nouvelle-gamme-pepises-granola-enfin-disponible-nouveautes-cereales-petit-dejeuner.jpg","keywords":["Artisan granola","C\u00e9r\u00e9ales granola","C\u00e9r\u00e9ales petit d\u00e9jeuner","Petit d\u00e9jeuner"],"articleSection":["\u00c9v\u00e8nements","Healthy granola","Petit d\u00e9jeuner","Sant\u00e9&amp;Nutrition"],"inLanguage":"fr-FR","potentialAction":[{"@type":"CommentAction","name":"Comment","target":["https:\/\/lamaindanslebol.fr\/actualites\/2022\/03\/07\/notre-nouvelle-gamme-des-pepises-de-granola-est-enfin-disponible\/#respond"]}]},{"@type":"WebPage","@id":"https:\/\/lamaindanslebol.fr\/actualites\/2022\/03\/07\/notre-nouvelle-gamme-des-pepises-de-granola-est-enfin-disponible\/","url":"https:\/\/lamaindanslebol.fr\/actualites\/2022\/03\/07\/notre-nouvelle-gamme-des-pepises-de-granola-est-enfin-disponible\/","name":"Notre nouvelle gamme des p\u00e9pises de granola est enfin disponible !","isPartOf":{"@id":"https:\/\/lamaindanslebol.fr\/actualites\/#website"},"primaryImageOfPage":{"@id":"https:\/\/lamaindanslebol.fr\/actualites\/2022\/03\/07\/notre-nouvelle-gamme-des-pepises-de-granola-est-enfin-disponible\/#primaryimage"},"image":{"@id":"https:\/\/lamaindanslebol.fr\/actualites\/2022\/03\/07\/notre-nouvelle-gamme-des-pepises-de-granola-est-enfin-disponible\/#primaryimage"},"thumbnailUrl":"https:\/\/lamaindanslebol.fr\/actualites\/wp-content\/uploads\/2022\/03\/nouvelle-gamme-pepises-granola-enfin-disponible-nouveautes-cereales-petit-dejeuner.jpg","datePublished":"2022-03-07T08:38:49+00:00","dateModified":"2022-03-07T08:39:34+00:00","description":"Les deux nouvelles recettes p\u00e9pises sont aussi gourmandes que croquantes et saines avec une faible teneur en sucre. Crocolat et Crocamande.","breadcrumb":{"@id":"https:\/\/lamaindanslebol.fr\/actualites\/2022\/03\/07\/notre-nouvelle-gamme-des-pepises-de-granola-est-enfin-disponible\/#breadcrumb"},"inLanguage":"fr-FR","potentialAction":[{"@type":"ReadAction","target":["https:\/\/lamaindanslebol.fr\/actualites\/2022\/03\/07\/notre-nouvelle-gamme-des-pepises-de-granola-est-enfin-disponible\/"]}]},{"@type":"ImageObject","inLanguage":"fr-FR","@id":"https:\/\/lamaindanslebol.fr\/actualites\/2022\/03\/07\/notre-nouvelle-gamme-des-pepises-de-granola-est-enfin-disponible\/#primaryimage","url":"https:\/\/lamaindanslebol.fr\/actualites\/wp-content\/uploads\/2022\/03\/nouvelle-gamme-pepises-granola-enfin-disponible-nouveautes-cereales-petit-dejeuner.jpg","contentUrl":"https:\/\/lamaindanslebol.fr\/actualites\/wp-content\/uploads\/2022\/03\/nouvelle-gamme-pepises-granola-enfin-disponible-nouveautes-cereales-petit-dejeuner.jpg","width":1195,"height":800},{"@type":"BreadcrumbList","@id":"https:\/\/lamaindanslebol.fr\/actualites\/2022\/03\/07\/notre-nouvelle-gamme-des-pepises-de-granola-est-enfin-disponible\/#breadcrumb","itemListElement":[{"@type":"ListItem","position":1,"name":"Accueil","item":"https:\/\/lamaindanslebol.fr\/actualites\/"},{"@type":"ListItem","position":2,"name":"Notre nouvelle gamme des p\u00e9pises de granola est enfin disponible\u00a0!"}]},{"@type":"WebSite","@id":"https:\/\/lamaindanslebol.fr\/actualites\/#website","url":"https:\/\/lamaindanslebol.fr\/actualites\/","name":"Blog la main dans le bol - Artisan granola bio","description":"","publisher":{"@id":"https:\/\/lamaindanslebol.fr\/actualites\/#organization"},"potentialAction":[{"@type":"SearchAction","target":{"@type":"EntryPoint","urlTemplate":"https:\/\/lamaindanslebol.fr\/actualites\/?s={search_term_string}"},"query-input":{"@type":"PropertyValueSpecification","valueRequired":true,"valueName":"search_term_string"}}],"inLanguage":"fr-FR"},{"@type":"Organization","@id":"https:\/\/lamaindanslebol.fr\/actualites\/#organization","name":"Blog la main dans le bol - Artisan granola bio","url":"https:\/\/lamaindanslebol.fr\/actualites\/","logo":{"@type":"ImageObject","inLanguage":"fr-FR","@id":"https:\/\/lamaindanslebol.fr\/actualites\/#\/schema\/logo\/image\/","url":"https:\/\/lamaindanslebol.fr\/actualites\/wp-content\/uploads\/2019\/10\/cropped-logo-blog-la-main-dans-le-bol-fabricant-cereales-granola-bio.png","contentUrl":"https:\/\/lamaindanslebol.fr\/actualites\/wp-content\/uploads\/2019\/10\/cropped-logo-blog-la-main-dans-le-bol-fabricant-cereales-granola-bio.png","width":248,"height":216,"caption":"Blog la main dans le bol - Artisan granola bio"},"image":{"@id":"https:\/\/lamaindanslebol.fr\/actualites\/#\/schema\/logo\/image\/"}},{"@type":"Person","@id":"https:\/\/lamaindanslebol.fr\/actualites\/#\/schema\/person\/560d9163e078b444af7aafd4f9f09878","name":"Margaux Court","image":{"@type":"ImageObject","inLanguage":"fr-FR","@id":"https:\/\/lamaindanslebol.fr\/actualites\/#\/schema\/person\/image\/","url":"https:\/\/secure.gravatar.com\/avatar\/dc72db8577f39a03f273a24343610f8d721569d02ab83e59d46a10a24bc3e439?s=96&d=mm&r=g","contentUrl":"https:\/\/secure.gravatar.com\/avatar\/dc72db8577f39a03f273a24343610f8d721569d02ab83e59d46a10a24bc3e439?s=96&d=mm&r=g","caption":"Margaux Court"},"sameAs":["https:\/\/lamaindanslebol.fr\/"],"url":"https:\/\/lamaindanslebol.fr\/actualites\/author\/margaux-court-blog\/"}]}},"_links":{"self":[{"href":"https:\/\/lamaindanslebol.fr\/actualites\/wp-json\/wp\/v2\/posts\/354","targetHints":{"allow":["GET"]}}],"collection":[{"href":"https:\/\/lamaindanslebol.fr\/actualites\/wp-json\/wp\/v2\/posts"}],"about":[{"href":"https:\/\/lamaindanslebol.fr\/actualites\/wp-json\/wp\/v2\/types\/post"}],"author":[{"embeddable":true,"href":"https:\/\/lamaindanslebol.fr\/actualites\/wp-json\/wp\/v2\/users\/2"}],"replies":[{"embeddable":true,"href":"https:\/\/lamaindanslebol.fr\/actualites\/wp-json\/wp\/v2\/comments?post=354"}],"version-history":[{"count":4,"href":"https:\/\/lamaindanslebol.fr\/actualites\/wp-json\/wp\/v2\/posts\/354\/revisions"}],"predecessor-version":[{"id":358,"href":"https:\/\/lamaindanslebol.fr\/actualites\/wp-json\/wp\/v2\/posts\/354\/revisions\/358"}],"wp:attachment":[{"href":"https:\/\/lamaindanslebol.fr\/actualites\/wp-json\/wp\/v2\/media?parent=354"}],"wp:term":[{"taxonomy":"category","embeddable":true,"href":"https:\/\/lamaindanslebol.fr\/actualites\/wp-json\/wp\/v2\/categories?post=354"},{"taxonomy":"post_tag","embeddable":true,"href":"https:\/\/lamaindanslebol.fr\/actualites\/wp-json\/wp\/v2\/tags?post=354"}],"curies":[{"name":"wp","href":"https:\/\/api.w.org\/{rel}","templated":true}]}}