{"id":386,"date":"2022-11-23T14:29:31","date_gmt":"2022-11-23T13:29:31","guid":{"rendered":"https:\/\/lamaindanslebol.fr\/actualites\/?p=386"},"modified":"2022-11-23T14:42:14","modified_gmt":"2022-11-23T13:42:14","slug":"17e-edition-du-salon-tatou-juste-au-parc-expo-de-saint-etienne","status":"publish","type":"post","link":"https:\/\/lamaindanslebol.fr\/actualites\/2022\/11\/23\/17e-edition-du-salon-tatou-juste-au-parc-expo-de-saint-etienne\/","title":{"rendered":"17e \u00e9dition du salon \u00ab\u00a0Tatou Juste\u00a0\u00bb au Parc Expo de Saint-Etienne"},"content":{"rendered":"<h1>17e \u00e9dition du salon \u00ab\u00a0Tatou Juste\u00a0\u00bb au Parc Expo de Saint-Etienne<\/h1>\n<h2>Les 26 et 27 Novembre 2022<\/h2>\n<p>Terre de P\u00e9pites sera pr\u00e9sente \u00e0 la 17e \u00e9dition du salon Tatou Juste au Parc Expo de Saint-Etienne le 26 et 27 Novembre 2022 pour pr\u00e9senter sa gamme de produits de l\u2019\u00e9rable biologique.<\/p>\n<h2>Tatou juste<\/h2>\n<p><img decoding=\"async\" src=\"https:\/\/terredepepites.fr\/actualites\/wp-content\/uploads\/2022\/11\/visuel-terre-de-pepites-novembre-2022-blog-salon-Tatou-juste-novembre.jpg\" alt=\"Terre de P\u00e9pites sera pr\u00e9sente \u00e0 la 17e \u00e9dition du salon Tatou Juste au Parc Expo de Saint-Etienne le 26 et 27 Novembre 2022\"\/><\/p>\n<p>Tatou Juste met en lumi\u00e8re les nombreuses initiatives qui agissent concr\u00e8tement et localement pour une soci\u00e9t\u00e9 plus respectueuse de l\u2019environnement, de l\u2019humain.<br \/>\nDepuis toutes ces ann\u00e9es, c\u2019est la volont\u00e9 d\u2019amorcer une dynamique de transition vers un futur vivable pour le plus grand nombre qui porte le salon. Si des th\u00e9matiques comme le changement climatique, l\u2019alimentation bio, le z\u00e9ro d\u00e9chet ou d\u2019autres ont pu \u00eatre vues comme r\u00e9serv\u00e9es aux initi\u00e9s, tous les citoyens s\u2019emparent aujourd\u2019hui de ces sujets et se questionnent.<br \/>\nAvec les \u00ab solutions heureuses \u00bb pr\u00e9sent\u00e9es \u00e0 Tatou Juste, nous souhaitons montrer par l\u2019exemple qu\u2019il est possible d\u2019avoir un impact concret. Chacun de nous, en tant que citoyen et consommateur, a le pouvoir d\u2019influencer le cours des choses et peut participer \u00e0 la cr\u00e9ation de la soci\u00e9t\u00e9 \u00e9cologique de demain.<br \/>\n230 exposants, plus de 100 animations, conf\u00e9rences, restauration\u2026<\/p>\n<h2>Rejoindre le salon<\/h2>\n<h3>17e \u00e9dition du salon \u00ab\u00a0Tatou Juste\u00a0\u00bb au Parc Expo de Saint-\u00c9tienne<\/h3>\n<p>Hall B Parc Expo de St-\u00c9tienne, 31 bd Jules Janin, all\u00e9e des Olympiades 42000 St-\u00c9tienne<br \/>\nPlan d&rsquo;acc\u00e8s au Parc Expo<br \/>\nPlan des parkings Parc Expo (sous r\u00e9serve de modification)<\/p>\n<h2>Comment venir ?<\/h2>\n<p> \u00e0 pied<br \/>\n> en v\u00e9lo : parking \u00e0 v\u00e9lo aux portes du salon, station V\u00e9livert sur le boulevard Jules Janin<br \/>\n> en bus : ligne 10, arr\u00eat Parc Expo<br \/>\n> en tram : ligne T3, arr\u00eat Z\u00e9nith-Com\u00e9die<br \/>\n> en train : la gare de Ch\u00e2teaucreux se trouve \u00e0 10 minutes \u00e0 pied du Parc Expo<br \/>\n> en covoiturage : movici.auvergnerhonealpes.fr<br \/>\n> parkings visiteurs : parking Z\u00e9nith, parking Treyve, parking Sommet, et en p\u00e9riph\u00e9rie du site (bd Jules Janin, rue Amp\u00e8re, rue DEs Docteurs Muller)<\/p>\n<h2>Alors \u00e0 vos marques, croquez des c\u00e9r\u00e9ales!!<\/h2>\n<p>Retrouvez notre nouvelle gamme p\u00e9pises de granolas bio sur notre <a href=\"https:\/\/lamaindanslebol.fr\/categorie-produit\/les-pepises\/\" rel=\"noopener\" target=\"_blank\">boutique en ligne<\/a> La Main dans le Bol !<\/p>\n<p>Retrouvez notre gamme de granolas bio sur notre <a href=\"https:\/\/lamaindanslebol.fr\/boutique\/\" rel=\"noopener\" target=\"_blank\">boutique en ligne<\/a> La Main dans le Bol !<\/p>\n","protected":false},"excerpt":{"rendered":"<p>17e \u00e9dition du salon \u00ab\u00a0Tatou Juste\u00a0\u00bb au Parc Expo de Saint-Etienne Les 26 et 27 Novembre 2022 Terre de P\u00e9pites sera pr\u00e9sente \u00e0 la 17e \u00e9dition du salon Tatou Juste au Parc Expo de Saint-Etienne le 26 et 27 Novembre 2022 pour pr\u00e9senter sa gamme de produits de l\u2019\u00e9rable biologique. Tatou juste Tatou Juste met &hellip; <a href=\"https:\/\/lamaindanslebol.fr\/actualites\/2022\/11\/23\/17e-edition-du-salon-tatou-juste-au-parc-expo-de-saint-etienne\/\" class=\"more-link\">Continuer la lecture de <span class=\"screen-reader-text\">17e \u00e9dition du salon \u00ab\u00a0Tatou Juste\u00a0\u00bb au Parc Expo de Saint-Etienne<\/span><\/a><\/p>\n","protected":false},"author":2,"featured_media":0,"comment_status":"open","ping_status":"open","sticky":false,"template":"","format":"standard","meta":{"footnotes":""},"categories":[2,34,5],"tags":[19,6,31,21,33],"class_list":["post-386","post","type-post","status-publish","format-standard","hentry","category-evenements","category-petit-dejeuner","category-santenutrition","tag-avoine-granola","tag-cereales-petit-dejeuner","tag-consommation-durable","tag-fabricant-granola-bio","tag-petit-dejeuner"],"yoast_head":"<!-- This site is optimized with the Yoast SEO plugin v26.6 - https:\/\/yoast.com\/wordpress\/plugins\/seo\/ -->\n<title>17e \u00e9dition du salon &quot;Tatou Juste&quot; au Parc Expo de Saint-\u00c9tienne 42<\/title>\n<meta name=\"description\" content=\"Tatou Juste met en lumi\u00e8re les nombreuses initiatives qui agissent concr\u00e8tement et localement pour une soci\u00e9t\u00e9 plus respectueuse de l\u2019humain\" \/>\n<meta name=\"robots\" content=\"index, follow, max-snippet:-1, max-image-preview:large, max-video-preview:-1\" \/>\n<link rel=\"canonical\" href=\"https:\/\/lamaindanslebol.fr\/actualites\/2022\/11\/23\/17e-edition-du-salon-tatou-juste-au-parc-expo-de-saint-etienne\/\" \/>\n<meta property=\"og:locale\" content=\"fr_FR\" \/>\n<meta property=\"og:type\" content=\"article\" \/>\n<meta property=\"og:title\" content=\"17e \u00e9dition du salon &quot;Tatou Juste&quot; au Parc Expo de Saint-\u00c9tienne 42\" \/>\n<meta property=\"og:description\" content=\"Tatou Juste met en lumi\u00e8re les nombreuses initiatives qui agissent concr\u00e8tement et localement pour une soci\u00e9t\u00e9 plus respectueuse de l\u2019humain\" \/>\n<meta property=\"og:url\" content=\"https:\/\/lamaindanslebol.fr\/actualites\/2022\/11\/23\/17e-edition-du-salon-tatou-juste-au-parc-expo-de-saint-etienne\/\" \/>\n<meta property=\"og:site_name\" content=\"Blog la main dans le bol - Artisan granola bio\" \/>\n<meta property=\"article:published_time\" content=\"2022-11-23T13:29:31+00:00\" \/>\n<meta property=\"article:modified_time\" content=\"2022-11-23T13:42:14+00:00\" \/>\n<meta property=\"og:image\" content=\"https:\/\/terredepepites.fr\/actualites\/wp-content\/uploads\/2022\/11\/visuel-terre-de-pepites-novembre-2022-blog-salon-Tatou-juste-novembre.jpg\" \/>\n<meta name=\"author\" content=\"Margaux Court\" \/>\n<meta name=\"twitter:card\" content=\"summary_large_image\" \/>\n<meta name=\"twitter:label1\" content=\"\u00c9crit par\" \/>\n\t<meta name=\"twitter:data1\" content=\"Margaux Court\" \/>\n\t<meta name=\"twitter:label2\" content=\"Dur\u00e9e de lecture estim\u00e9e\" \/>\n\t<meta name=\"twitter:data2\" content=\"2 minutes\" \/>\n<script type=\"application\/ld+json\" class=\"yoast-schema-graph\">{\"@context\":\"https:\/\/schema.org\",\"@graph\":[{\"@type\":\"Article\",\"@id\":\"https:\/\/lamaindanslebol.fr\/actualites\/2022\/11\/23\/17e-edition-du-salon-tatou-juste-au-parc-expo-de-saint-etienne\/#article\",\"isPartOf\":{\"@id\":\"https:\/\/lamaindanslebol.fr\/actualites\/2022\/11\/23\/17e-edition-du-salon-tatou-juste-au-parc-expo-de-saint-etienne\/\"},\"author\":{\"name\":\"Margaux Court\",\"@id\":\"https:\/\/lamaindanslebol.fr\/actualites\/#\/schema\/person\/560d9163e078b444af7aafd4f9f09878\"},\"headline\":\"17e \u00e9dition du salon \u00ab\u00a0Tatou Juste\u00a0\u00bb au Parc Expo de Saint-Etienne\",\"datePublished\":\"2022-11-23T13:29:31+00:00\",\"dateModified\":\"2022-11-23T13:42:14+00:00\",\"mainEntityOfPage\":{\"@id\":\"https:\/\/lamaindanslebol.fr\/actualites\/2022\/11\/23\/17e-edition-du-salon-tatou-juste-au-parc-expo-de-saint-etienne\/\"},\"wordCount\":393,\"commentCount\":0,\"publisher\":{\"@id\":\"https:\/\/lamaindanslebol.fr\/actualites\/#organization\"},\"image\":{\"@id\":\"https:\/\/lamaindanslebol.fr\/actualites\/2022\/11\/23\/17e-edition-du-salon-tatou-juste-au-parc-expo-de-saint-etienne\/#primaryimage\"},\"thumbnailUrl\":\"https:\/\/terredepepites.fr\/actualites\/wp-content\/uploads\/2022\/11\/visuel-terre-de-pepites-novembre-2022-blog-salon-Tatou-juste-novembre.jpg\",\"keywords\":[\"avoine granola\",\"C\u00e9r\u00e9ales petit d\u00e9jeuner\",\"Consommation durable\",\"fabricant granola bio\",\"Petit d\u00e9jeuner\"],\"articleSection\":[\"\u00c9v\u00e8nements\",\"Petit d\u00e9jeuner\",\"Sant\u00e9&amp;Nutrition\"],\"inLanguage\":\"fr-FR\",\"potentialAction\":[{\"@type\":\"CommentAction\",\"name\":\"Comment\",\"target\":[\"https:\/\/lamaindanslebol.fr\/actualites\/2022\/11\/23\/17e-edition-du-salon-tatou-juste-au-parc-expo-de-saint-etienne\/#respond\"]}]},{\"@type\":\"WebPage\",\"@id\":\"https:\/\/lamaindanslebol.fr\/actualites\/2022\/11\/23\/17e-edition-du-salon-tatou-juste-au-parc-expo-de-saint-etienne\/\",\"url\":\"https:\/\/lamaindanslebol.fr\/actualites\/2022\/11\/23\/17e-edition-du-salon-tatou-juste-au-parc-expo-de-saint-etienne\/\",\"name\":\"17e \u00e9dition du salon \\\"Tatou Juste\\\" au Parc Expo de Saint-\u00c9tienne 42\",\"isPartOf\":{\"@id\":\"https:\/\/lamaindanslebol.fr\/actualites\/#website\"},\"primaryImageOfPage\":{\"@id\":\"https:\/\/lamaindanslebol.fr\/actualites\/2022\/11\/23\/17e-edition-du-salon-tatou-juste-au-parc-expo-de-saint-etienne\/#primaryimage\"},\"image\":{\"@id\":\"https:\/\/lamaindanslebol.fr\/actualites\/2022\/11\/23\/17e-edition-du-salon-tatou-juste-au-parc-expo-de-saint-etienne\/#primaryimage\"},\"thumbnailUrl\":\"https:\/\/terredepepites.fr\/actualites\/wp-content\/uploads\/2022\/11\/visuel-terre-de-pepites-novembre-2022-blog-salon-Tatou-juste-novembre.jpg\",\"datePublished\":\"2022-11-23T13:29:31+00:00\",\"dateModified\":\"2022-11-23T13:42:14+00:00\",\"description\":\"Tatou Juste met en lumi\u00e8re les nombreuses initiatives qui agissent concr\u00e8tement et localement pour une soci\u00e9t\u00e9 plus respectueuse de l\u2019humain\",\"breadcrumb\":{\"@id\":\"https:\/\/lamaindanslebol.fr\/actualites\/2022\/11\/23\/17e-edition-du-salon-tatou-juste-au-parc-expo-de-saint-etienne\/#breadcrumb\"},\"inLanguage\":\"fr-FR\",\"potentialAction\":[{\"@type\":\"ReadAction\",\"target\":[\"https:\/\/lamaindanslebol.fr\/actualites\/2022\/11\/23\/17e-edition-du-salon-tatou-juste-au-parc-expo-de-saint-etienne\/\"]}]},{\"@type\":\"ImageObject\",\"inLanguage\":\"fr-FR\",\"@id\":\"https:\/\/lamaindanslebol.fr\/actualites\/2022\/11\/23\/17e-edition-du-salon-tatou-juste-au-parc-expo-de-saint-etienne\/#primaryimage\",\"url\":\"https:\/\/terredepepites.fr\/actualites\/wp-content\/uploads\/2022\/11\/visuel-terre-de-pepites-novembre-2022-blog-salon-Tatou-juste-novembre.jpg\",\"contentUrl\":\"https:\/\/terredepepites.fr\/actualites\/wp-content\/uploads\/2022\/11\/visuel-terre-de-pepites-novembre-2022-blog-salon-Tatou-juste-novembre.jpg\"},{\"@type\":\"BreadcrumbList\",\"@id\":\"https:\/\/lamaindanslebol.fr\/actualites\/2022\/11\/23\/17e-edition-du-salon-tatou-juste-au-parc-expo-de-saint-etienne\/#breadcrumb\",\"itemListElement\":[{\"@type\":\"ListItem\",\"position\":1,\"name\":\"Accueil\",\"item\":\"https:\/\/lamaindanslebol.fr\/actualites\/\"},{\"@type\":\"ListItem\",\"position\":2,\"name\":\"17e \u00e9dition du salon \u00ab\u00a0Tatou Juste\u00a0\u00bb au Parc Expo de Saint-Etienne\"}]},{\"@type\":\"WebSite\",\"@id\":\"https:\/\/lamaindanslebol.fr\/actualites\/#website\",\"url\":\"https:\/\/lamaindanslebol.fr\/actualites\/\",\"name\":\"Blog la main dans le bol - Artisan granola bio\",\"description\":\"\",\"publisher\":{\"@id\":\"https:\/\/lamaindanslebol.fr\/actualites\/#organization\"},\"potentialAction\":[{\"@type\":\"SearchAction\",\"target\":{\"@type\":\"EntryPoint\",\"urlTemplate\":\"https:\/\/lamaindanslebol.fr\/actualites\/?s={search_term_string}\"},\"query-input\":{\"@type\":\"PropertyValueSpecification\",\"valueRequired\":true,\"valueName\":\"search_term_string\"}}],\"inLanguage\":\"fr-FR\"},{\"@type\":\"Organization\",\"@id\":\"https:\/\/lamaindanslebol.fr\/actualites\/#organization\",\"name\":\"Blog la main dans le bol - Artisan granola bio\",\"url\":\"https:\/\/lamaindanslebol.fr\/actualites\/\",\"logo\":{\"@type\":\"ImageObject\",\"inLanguage\":\"fr-FR\",\"@id\":\"https:\/\/lamaindanslebol.fr\/actualites\/#\/schema\/logo\/image\/\",\"url\":\"https:\/\/lamaindanslebol.fr\/actualites\/wp-content\/uploads\/2019\/10\/cropped-logo-blog-la-main-dans-le-bol-fabricant-cereales-granola-bio.png\",\"contentUrl\":\"https:\/\/lamaindanslebol.fr\/actualites\/wp-content\/uploads\/2019\/10\/cropped-logo-blog-la-main-dans-le-bol-fabricant-cereales-granola-bio.png\",\"width\":248,\"height\":216,\"caption\":\"Blog la main dans le bol - Artisan granola bio\"},\"image\":{\"@id\":\"https:\/\/lamaindanslebol.fr\/actualites\/#\/schema\/logo\/image\/\"}},{\"@type\":\"Person\",\"@id\":\"https:\/\/lamaindanslebol.fr\/actualites\/#\/schema\/person\/560d9163e078b444af7aafd4f9f09878\",\"name\":\"Margaux Court\",\"image\":{\"@type\":\"ImageObject\",\"inLanguage\":\"fr-FR\",\"@id\":\"https:\/\/lamaindanslebol.fr\/actualites\/#\/schema\/person\/image\/\",\"url\":\"https:\/\/secure.gravatar.com\/avatar\/dc72db8577f39a03f273a24343610f8d721569d02ab83e59d46a10a24bc3e439?s=96&d=mm&r=g\",\"contentUrl\":\"https:\/\/secure.gravatar.com\/avatar\/dc72db8577f39a03f273a24343610f8d721569d02ab83e59d46a10a24bc3e439?s=96&d=mm&r=g\",\"caption\":\"Margaux Court\"},\"sameAs\":[\"https:\/\/lamaindanslebol.fr\/\"],\"url\":\"https:\/\/lamaindanslebol.fr\/actualites\/author\/margaux-court-blog\/\"}]}<\/script>\n<!-- \/ Yoast SEO plugin. -->","yoast_head_json":{"title":"17e \u00e9dition du salon \"Tatou Juste\" au Parc Expo de Saint-\u00c9tienne 42","description":"Tatou Juste met en lumi\u00e8re les nombreuses initiatives qui agissent concr\u00e8tement et localement pour une soci\u00e9t\u00e9 plus respectueuse de l\u2019humain","robots":{"index":"index","follow":"follow","max-snippet":"max-snippet:-1","max-image-preview":"max-image-preview:large","max-video-preview":"max-video-preview:-1"},"canonical":"https:\/\/lamaindanslebol.fr\/actualites\/2022\/11\/23\/17e-edition-du-salon-tatou-juste-au-parc-expo-de-saint-etienne\/","og_locale":"fr_FR","og_type":"article","og_title":"17e \u00e9dition du salon \"Tatou Juste\" au Parc Expo de Saint-\u00c9tienne 42","og_description":"Tatou Juste met en lumi\u00e8re les nombreuses initiatives qui agissent concr\u00e8tement et localement pour une soci\u00e9t\u00e9 plus respectueuse de l\u2019humain","og_url":"https:\/\/lamaindanslebol.fr\/actualites\/2022\/11\/23\/17e-edition-du-salon-tatou-juste-au-parc-expo-de-saint-etienne\/","og_site_name":"Blog la main dans le bol - Artisan granola bio","article_published_time":"2022-11-23T13:29:31+00:00","article_modified_time":"2022-11-23T13:42:14+00:00","og_image":[{"url":"https:\/\/terredepepites.fr\/actualites\/wp-content\/uploads\/2022\/11\/visuel-terre-de-pepites-novembre-2022-blog-salon-Tatou-juste-novembre.jpg","type":"","width":"","height":""}],"author":"Margaux Court","twitter_card":"summary_large_image","twitter_misc":{"\u00c9crit par":"Margaux Court","Dur\u00e9e de lecture estim\u00e9e":"2 minutes"},"schema":{"@context":"https:\/\/schema.org","@graph":[{"@type":"Article","@id":"https:\/\/lamaindanslebol.fr\/actualites\/2022\/11\/23\/17e-edition-du-salon-tatou-juste-au-parc-expo-de-saint-etienne\/#article","isPartOf":{"@id":"https:\/\/lamaindanslebol.fr\/actualites\/2022\/11\/23\/17e-edition-du-salon-tatou-juste-au-parc-expo-de-saint-etienne\/"},"author":{"name":"Margaux Court","@id":"https:\/\/lamaindanslebol.fr\/actualites\/#\/schema\/person\/560d9163e078b444af7aafd4f9f09878"},"headline":"17e \u00e9dition du salon \u00ab\u00a0Tatou Juste\u00a0\u00bb au Parc Expo de Saint-Etienne","datePublished":"2022-11-23T13:29:31+00:00","dateModified":"2022-11-23T13:42:14+00:00","mainEntityOfPage":{"@id":"https:\/\/lamaindanslebol.fr\/actualites\/2022\/11\/23\/17e-edition-du-salon-tatou-juste-au-parc-expo-de-saint-etienne\/"},"wordCount":393,"commentCount":0,"publisher":{"@id":"https:\/\/lamaindanslebol.fr\/actualites\/#organization"},"image":{"@id":"https:\/\/lamaindanslebol.fr\/actualites\/2022\/11\/23\/17e-edition-du-salon-tatou-juste-au-parc-expo-de-saint-etienne\/#primaryimage"},"thumbnailUrl":"https:\/\/terredepepites.fr\/actualites\/wp-content\/uploads\/2022\/11\/visuel-terre-de-pepites-novembre-2022-blog-salon-Tatou-juste-novembre.jpg","keywords":["avoine granola","C\u00e9r\u00e9ales petit d\u00e9jeuner","Consommation durable","fabricant granola bio","Petit d\u00e9jeuner"],"articleSection":["\u00c9v\u00e8nements","Petit d\u00e9jeuner","Sant\u00e9&amp;Nutrition"],"inLanguage":"fr-FR","potentialAction":[{"@type":"CommentAction","name":"Comment","target":["https:\/\/lamaindanslebol.fr\/actualites\/2022\/11\/23\/17e-edition-du-salon-tatou-juste-au-parc-expo-de-saint-etienne\/#respond"]}]},{"@type":"WebPage","@id":"https:\/\/lamaindanslebol.fr\/actualites\/2022\/11\/23\/17e-edition-du-salon-tatou-juste-au-parc-expo-de-saint-etienne\/","url":"https:\/\/lamaindanslebol.fr\/actualites\/2022\/11\/23\/17e-edition-du-salon-tatou-juste-au-parc-expo-de-saint-etienne\/","name":"17e \u00e9dition du salon \"Tatou Juste\" au Parc Expo de Saint-\u00c9tienne 42","isPartOf":{"@id":"https:\/\/lamaindanslebol.fr\/actualites\/#website"},"primaryImageOfPage":{"@id":"https:\/\/lamaindanslebol.fr\/actualites\/2022\/11\/23\/17e-edition-du-salon-tatou-juste-au-parc-expo-de-saint-etienne\/#primaryimage"},"image":{"@id":"https:\/\/lamaindanslebol.fr\/actualites\/2022\/11\/23\/17e-edition-du-salon-tatou-juste-au-parc-expo-de-saint-etienne\/#primaryimage"},"thumbnailUrl":"https:\/\/terredepepites.fr\/actualites\/wp-content\/uploads\/2022\/11\/visuel-terre-de-pepites-novembre-2022-blog-salon-Tatou-juste-novembre.jpg","datePublished":"2022-11-23T13:29:31+00:00","dateModified":"2022-11-23T13:42:14+00:00","description":"Tatou Juste met en lumi\u00e8re les nombreuses initiatives qui agissent concr\u00e8tement et localement pour une soci\u00e9t\u00e9 plus respectueuse de l\u2019humain","breadcrumb":{"@id":"https:\/\/lamaindanslebol.fr\/actualites\/2022\/11\/23\/17e-edition-du-salon-tatou-juste-au-parc-expo-de-saint-etienne\/#breadcrumb"},"inLanguage":"fr-FR","potentialAction":[{"@type":"ReadAction","target":["https:\/\/lamaindanslebol.fr\/actualites\/2022\/11\/23\/17e-edition-du-salon-tatou-juste-au-parc-expo-de-saint-etienne\/"]}]},{"@type":"ImageObject","inLanguage":"fr-FR","@id":"https:\/\/lamaindanslebol.fr\/actualites\/2022\/11\/23\/17e-edition-du-salon-tatou-juste-au-parc-expo-de-saint-etienne\/#primaryimage","url":"https:\/\/terredepepites.fr\/actualites\/wp-content\/uploads\/2022\/11\/visuel-terre-de-pepites-novembre-2022-blog-salon-Tatou-juste-novembre.jpg","contentUrl":"https:\/\/terredepepites.fr\/actualites\/wp-content\/uploads\/2022\/11\/visuel-terre-de-pepites-novembre-2022-blog-salon-Tatou-juste-novembre.jpg"},{"@type":"BreadcrumbList","@id":"https:\/\/lamaindanslebol.fr\/actualites\/2022\/11\/23\/17e-edition-du-salon-tatou-juste-au-parc-expo-de-saint-etienne\/#breadcrumb","itemListElement":[{"@type":"ListItem","position":1,"name":"Accueil","item":"https:\/\/lamaindanslebol.fr\/actualites\/"},{"@type":"ListItem","position":2,"name":"17e \u00e9dition du salon \u00ab\u00a0Tatou Juste\u00a0\u00bb au Parc Expo de Saint-Etienne"}]},{"@type":"WebSite","@id":"https:\/\/lamaindanslebol.fr\/actualites\/#website","url":"https:\/\/lamaindanslebol.fr\/actualites\/","name":"Blog la main dans le bol - Artisan granola bio","description":"","publisher":{"@id":"https:\/\/lamaindanslebol.fr\/actualites\/#organization"},"potentialAction":[{"@type":"SearchAction","target":{"@type":"EntryPoint","urlTemplate":"https:\/\/lamaindanslebol.fr\/actualites\/?s={search_term_string}"},"query-input":{"@type":"PropertyValueSpecification","valueRequired":true,"valueName":"search_term_string"}}],"inLanguage":"fr-FR"},{"@type":"Organization","@id":"https:\/\/lamaindanslebol.fr\/actualites\/#organization","name":"Blog la main dans le bol - Artisan granola bio","url":"https:\/\/lamaindanslebol.fr\/actualites\/","logo":{"@type":"ImageObject","inLanguage":"fr-FR","@id":"https:\/\/lamaindanslebol.fr\/actualites\/#\/schema\/logo\/image\/","url":"https:\/\/lamaindanslebol.fr\/actualites\/wp-content\/uploads\/2019\/10\/cropped-logo-blog-la-main-dans-le-bol-fabricant-cereales-granola-bio.png","contentUrl":"https:\/\/lamaindanslebol.fr\/actualites\/wp-content\/uploads\/2019\/10\/cropped-logo-blog-la-main-dans-le-bol-fabricant-cereales-granola-bio.png","width":248,"height":216,"caption":"Blog la main dans le bol - Artisan granola bio"},"image":{"@id":"https:\/\/lamaindanslebol.fr\/actualites\/#\/schema\/logo\/image\/"}},{"@type":"Person","@id":"https:\/\/lamaindanslebol.fr\/actualites\/#\/schema\/person\/560d9163e078b444af7aafd4f9f09878","name":"Margaux Court","image":{"@type":"ImageObject","inLanguage":"fr-FR","@id":"https:\/\/lamaindanslebol.fr\/actualites\/#\/schema\/person\/image\/","url":"https:\/\/secure.gravatar.com\/avatar\/dc72db8577f39a03f273a24343610f8d721569d02ab83e59d46a10a24bc3e439?s=96&d=mm&r=g","contentUrl":"https:\/\/secure.gravatar.com\/avatar\/dc72db8577f39a03f273a24343610f8d721569d02ab83e59d46a10a24bc3e439?s=96&d=mm&r=g","caption":"Margaux Court"},"sameAs":["https:\/\/lamaindanslebol.fr\/"],"url":"https:\/\/lamaindanslebol.fr\/actualites\/author\/margaux-court-blog\/"}]}},"_links":{"self":[{"href":"https:\/\/lamaindanslebol.fr\/actualites\/wp-json\/wp\/v2\/posts\/386","targetHints":{"allow":["GET"]}}],"collection":[{"href":"https:\/\/lamaindanslebol.fr\/actualites\/wp-json\/wp\/v2\/posts"}],"about":[{"href":"https:\/\/lamaindanslebol.fr\/actualites\/wp-json\/wp\/v2\/types\/post"}],"author":[{"embeddable":true,"href":"https:\/\/lamaindanslebol.fr\/actualites\/wp-json\/wp\/v2\/users\/2"}],"replies":[{"embeddable":true,"href":"https:\/\/lamaindanslebol.fr\/actualites\/wp-json\/wp\/v2\/comments?post=386"}],"version-history":[{"count":1,"href":"https:\/\/lamaindanslebol.fr\/actualites\/wp-json\/wp\/v2\/posts\/386\/revisions"}],"predecessor-version":[{"id":387,"href":"https:\/\/lamaindanslebol.fr\/actualites\/wp-json\/wp\/v2\/posts\/386\/revisions\/387"}],"wp:attachment":[{"href":"https:\/\/lamaindanslebol.fr\/actualites\/wp-json\/wp\/v2\/media?parent=386"}],"wp:term":[{"taxonomy":"category","embeddable":true,"href":"https:\/\/lamaindanslebol.fr\/actualites\/wp-json\/wp\/v2\/categories?post=386"},{"taxonomy":"post_tag","embeddable":true,"href":"https:\/\/lamaindanslebol.fr\/actualites\/wp-json\/wp\/v2\/tags?post=386"}],"curies":[{"name":"wp","href":"https:\/\/api.w.org\/{rel}","templated":true}]}}