{"id":453,"date":"2023-09-22T11:49:16","date_gmt":"2023-09-22T09:49:16","guid":{"rendered":"https:\/\/lamaindanslebol.fr\/actualites\/?p=453"},"modified":"2024-02-25T11:33:11","modified_gmt":"2024-02-25T10:33:11","slug":"la-semaine-du-gout-au-pays-des-cereales-du-petit-dejeuner","status":"publish","type":"post","link":"https:\/\/lamaindanslebol.fr\/actualites\/2023\/09\/22\/la-semaine-du-gout-au-pays-des-cereales-du-petit-dejeuner\/","title":{"rendered":"La semaine du go\u00fbt au pays des c\u00e9r\u00e9ales du petit d\u00e9jeuner"},"content":{"rendered":"<h1>La semaine du go\u00fbt au pays des c\u00e9r\u00e9ales du petit d\u00e9jeuner<\/h1>\n<p><img decoding=\"async\" src=\"https:\/\/lamaindanslebol.fr\/actualites\/wp-content\/uploads\/2023\/09\/partenaire-semaine-du-gout-2023-la-main-dans-le-bol.jpg\" alt=\"participation \u00e0 la semaine du go\u00fbt 2023 - partenaires de la 34 \u00e9me \u00e9dition\" \/><\/p>\n<p>C\u2019est avec un immense plaisir que nous participerons \u00e0 la 34\u00e8me \u00e9dition de la semaine du go\u00fbt du 16 au 22 Octobre 2023.<\/p>\n<h2>Qu\u2019est-ce que la semaine du go\u00fbt ?<\/h2>\n<p>Cet \u00e9v\u00e9nement cr\u00e9\u00e9 dans les ann\u00e9es 1990 rassemble les acteurs de notre alimentation (restaurateurs, artisans, commer\u00e7ants, maraichers\u2026) pour transmettre et \u00e9duquer les enfants au bon go\u00fbt. C\u2019est un moment de partage et d\u2019\u00e9veil aux bonnes pratiques pour bien se nourrir.<br \/>\nIl s\u2019agit donc de le\u00e7ons de go\u00fbt propos\u00e9es aux \u00e9tablissements scolaires \u00e0 titre gratuit. Elle est orchestr\u00e9e par le minist\u00e8re de l\u2019Agriculture et de la Souverainet\u00e9 alimentaire.<\/p>\n<p><img decoding=\"async\" src=\"https:\/\/lamaindanslebol.fr\/actualites\/wp-content\/uploads\/2023\/09\/la-semaine-du-gout-15944.jpg\" alt=\"semaine du go\u00fbt 2023 - partenaires de la 34 \u00e9me \u00e9dition\" \/><\/p>\n<h2>Quels sont les objectifs de la semaine du go\u00fbt ?<\/h2>\n<p>Chaque ann\u00e9e, pr\u00e8s de 13.000 classes se portent volontaires pour se mettre autour de la table et \u00e9voquer des sujets propres \u00e0 une alimentation de qualit\u00e9 : le bien-manger, la d\u00e9couverte des saveurs, les bons produits et leurs origines, les m\u00e9tiers de bouche\u2026<br \/>\nL\u2019objectif est de sensibiliser les jeunes \u00e0 avoir de bonnes pratiques alimentaires, \u00e0 se questionner sur les enjeux du bien-manger, l\u2019origine des ingr\u00e9dients, la diversit\u00e9 des saveurs, la saisonnalit\u00e9\u2026 C\u2019est aussi une mani\u00e8re de d\u00e9couvrir les diff\u00e9rents m\u00e9tiers de bouche. <\/p>\n<h2>Comment la Main dans le Bol participe \u00e0 la semaine du go\u00fbt ?<\/h2>\n<p>En tant qu\u2019artisan dans l\u2019univers du petit-d\u00e9jeuner, nous sommes invit\u00e9s \u00e0 rejoindre plusieurs classes de r\u00e9gion lyonnaise pour pr\u00e9senter notre fabrique artisanale de c\u00e9r\u00e9ales bio.<\/p>\n<p>Nous allons pouvoir parler de l\u2019importance de prendre un petit d\u00e9jeuner sain et \u00e9quilibr\u00e9 au r\u00e9veil. Nous pr\u00e9senterons \u00e9galement les diff\u00e9rentes marques de c\u00e9r\u00e9ales que l\u2019on trouve en supermarch\u00e9. Nous d\u00e9cortiquerons la liste des ingr\u00e9dients afin d\u2019aider les enfants \u00e0 choisir les meilleures c\u00e9r\u00e9ales du petit d\u00e9jeuner. Nous ferons \u00e9galement, si la classe le permet, une recette de granola maison pour leur montrer qu\u2019il est tr\u00e8s facile de le faire soi-m\u00eame.<\/p>\n<p>Nous sommes ravis de faire partie de cette \u00e9dition pour promouvoir le bio, le bon, le bien-manger et le fait-maison !<\/p>\n<p>Pour d\u00e9couvrir de nouvelles mani\u00e8res de consommer le m\u00fcesli et le granola, d\u00e9couvrez nos recettes \u00e0 base de muesli juste ici : <a href=\"https:\/\/lamaindanslebol.fr\/recettes-granola-et-cereales-petit-dejeuner\/\">La Main dans le Bol : Recettes<\/a><\/p>\n<p>Vous pouvez les retrouver ici : <a href=\"https:\/\/lamaindanslebol.fr\/boutique\/\">La Main dans le Bol<\/a><\/p>\n","protected":false},"excerpt":{"rendered":"<p>La semaine du go\u00fbt au pays des c\u00e9r\u00e9ales du petit d\u00e9jeuner C\u2019est avec un immense plaisir que nous participerons \u00e0 la 34\u00e8me \u00e9dition de la semaine du go\u00fbt du 16 au 22 Octobre 2023. Qu\u2019est-ce que la semaine du go\u00fbt ? Cet \u00e9v\u00e9nement cr\u00e9\u00e9 dans les ann\u00e9es 1990 rassemble les acteurs de notre alimentation (restaurateurs, &hellip; <a href=\"https:\/\/lamaindanslebol.fr\/actualites\/2023\/09\/22\/la-semaine-du-gout-au-pays-des-cereales-du-petit-dejeuner\/\" class=\"more-link\">Continuer la lecture de <span class=\"screen-reader-text\">La semaine du go\u00fbt au pays des c\u00e9r\u00e9ales du petit d\u00e9jeuner<\/span><\/a><\/p>\n","protected":false},"author":2,"featured_media":0,"comment_status":"open","ping_status":"open","sticky":false,"template":"","format":"standard","meta":{"footnotes":""},"categories":[2,5],"tags":[],"class_list":["post-453","post","type-post","status-publish","format-standard","hentry","category-evenements","category-santenutrition"],"yoast_head":"<!-- This site is optimized with the Yoast SEO plugin v26.6 - https:\/\/yoast.com\/wordpress\/plugins\/seo\/ -->\n<title>Semaine du go\u00fbt 2023, la main dans le bol partenaires 2023<\/title>\n<meta name=\"description\" content=\"Semaine du go\u00fbt, nous sommes fier de vous annoncer que la main dans le bol sera partenaires de la semaine du go\u00fbt au pays des c\u00e9r\u00e9ales du petit d\u00e9jeuner\" \/>\n<meta name=\"robots\" content=\"index, follow, max-snippet:-1, max-image-preview:large, max-video-preview:-1\" \/>\n<link rel=\"canonical\" href=\"https:\/\/lamaindanslebol.fr\/actualites\/2023\/09\/22\/la-semaine-du-gout-au-pays-des-cereales-du-petit-dejeuner\/\" \/>\n<meta property=\"og:locale\" content=\"fr_FR\" \/>\n<meta property=\"og:type\" content=\"article\" \/>\n<meta property=\"og:title\" content=\"Semaine du go\u00fbt 2023, la main dans le bol partenaires 2023\" \/>\n<meta property=\"og:description\" content=\"Semaine du go\u00fbt, nous sommes fier de vous annoncer que la main dans le bol sera partenaires de la semaine du go\u00fbt au pays des c\u00e9r\u00e9ales du petit d\u00e9jeuner\" \/>\n<meta property=\"og:url\" content=\"https:\/\/lamaindanslebol.fr\/actualites\/2023\/09\/22\/la-semaine-du-gout-au-pays-des-cereales-du-petit-dejeuner\/\" \/>\n<meta property=\"og:site_name\" content=\"Blog la main dans le bol - Artisan granola bio\" \/>\n<meta property=\"article:published_time\" content=\"2023-09-22T09:49:16+00:00\" \/>\n<meta property=\"article:modified_time\" content=\"2024-02-25T10:33:11+00:00\" \/>\n<meta property=\"og:image\" content=\"https:\/\/lamaindanslebol.fr\/actualites\/wp-content\/uploads\/2023\/09\/partenaire-semaine-du-gout-2023-la-main-dans-le-bol.jpg\" \/>\n<meta name=\"author\" content=\"Margaux Court\" \/>\n<meta name=\"twitter:card\" content=\"summary_large_image\" \/>\n<meta name=\"twitter:label1\" content=\"\u00c9crit par\" \/>\n\t<meta name=\"twitter:data1\" content=\"Margaux Court\" \/>\n\t<meta name=\"twitter:label2\" content=\"Dur\u00e9e de lecture estim\u00e9e\" \/>\n\t<meta name=\"twitter:data2\" content=\"3 minutes\" \/>\n<script type=\"application\/ld+json\" class=\"yoast-schema-graph\">{\"@context\":\"https:\/\/schema.org\",\"@graph\":[{\"@type\":\"Article\",\"@id\":\"https:\/\/lamaindanslebol.fr\/actualites\/2023\/09\/22\/la-semaine-du-gout-au-pays-des-cereales-du-petit-dejeuner\/#article\",\"isPartOf\":{\"@id\":\"https:\/\/lamaindanslebol.fr\/actualites\/2023\/09\/22\/la-semaine-du-gout-au-pays-des-cereales-du-petit-dejeuner\/\"},\"author\":{\"name\":\"Margaux Court\",\"@id\":\"https:\/\/lamaindanslebol.fr\/actualites\/#\/schema\/person\/560d9163e078b444af7aafd4f9f09878\"},\"headline\":\"La semaine du go\u00fbt au pays des c\u00e9r\u00e9ales du petit d\u00e9jeuner\",\"datePublished\":\"2023-09-22T09:49:16+00:00\",\"dateModified\":\"2024-02-25T10:33:11+00:00\",\"mainEntityOfPage\":{\"@id\":\"https:\/\/lamaindanslebol.fr\/actualites\/2023\/09\/22\/la-semaine-du-gout-au-pays-des-cereales-du-petit-dejeuner\/\"},\"wordCount\":428,\"commentCount\":0,\"publisher\":{\"@id\":\"https:\/\/lamaindanslebol.fr\/actualites\/#organization\"},\"image\":{\"@id\":\"https:\/\/lamaindanslebol.fr\/actualites\/2023\/09\/22\/la-semaine-du-gout-au-pays-des-cereales-du-petit-dejeuner\/#primaryimage\"},\"thumbnailUrl\":\"https:\/\/lamaindanslebol.fr\/actualites\/wp-content\/uploads\/2023\/09\/partenaire-semaine-du-gout-2023-la-main-dans-le-bol.jpg\",\"articleSection\":[\"\u00c9v\u00e8nements\",\"Sant\u00e9&amp;Nutrition\"],\"inLanguage\":\"fr-FR\",\"potentialAction\":[{\"@type\":\"CommentAction\",\"name\":\"Comment\",\"target\":[\"https:\/\/lamaindanslebol.fr\/actualites\/2023\/09\/22\/la-semaine-du-gout-au-pays-des-cereales-du-petit-dejeuner\/#respond\"]}]},{\"@type\":\"WebPage\",\"@id\":\"https:\/\/lamaindanslebol.fr\/actualites\/2023\/09\/22\/la-semaine-du-gout-au-pays-des-cereales-du-petit-dejeuner\/\",\"url\":\"https:\/\/lamaindanslebol.fr\/actualites\/2023\/09\/22\/la-semaine-du-gout-au-pays-des-cereales-du-petit-dejeuner\/\",\"name\":\"Semaine du go\u00fbt 2023, la main dans le bol partenaires 2023\",\"isPartOf\":{\"@id\":\"https:\/\/lamaindanslebol.fr\/actualites\/#website\"},\"primaryImageOfPage\":{\"@id\":\"https:\/\/lamaindanslebol.fr\/actualites\/2023\/09\/22\/la-semaine-du-gout-au-pays-des-cereales-du-petit-dejeuner\/#primaryimage\"},\"image\":{\"@id\":\"https:\/\/lamaindanslebol.fr\/actualites\/2023\/09\/22\/la-semaine-du-gout-au-pays-des-cereales-du-petit-dejeuner\/#primaryimage\"},\"thumbnailUrl\":\"https:\/\/lamaindanslebol.fr\/actualites\/wp-content\/uploads\/2023\/09\/partenaire-semaine-du-gout-2023-la-main-dans-le-bol.jpg\",\"datePublished\":\"2023-09-22T09:49:16+00:00\",\"dateModified\":\"2024-02-25T10:33:11+00:00\",\"description\":\"Semaine du go\u00fbt, nous sommes fier de vous annoncer que la main dans le bol sera partenaires de la semaine du go\u00fbt au pays des c\u00e9r\u00e9ales du petit d\u00e9jeuner\",\"breadcrumb\":{\"@id\":\"https:\/\/lamaindanslebol.fr\/actualites\/2023\/09\/22\/la-semaine-du-gout-au-pays-des-cereales-du-petit-dejeuner\/#breadcrumb\"},\"inLanguage\":\"fr-FR\",\"potentialAction\":[{\"@type\":\"ReadAction\",\"target\":[\"https:\/\/lamaindanslebol.fr\/actualites\/2023\/09\/22\/la-semaine-du-gout-au-pays-des-cereales-du-petit-dejeuner\/\"]}]},{\"@type\":\"ImageObject\",\"inLanguage\":\"fr-FR\",\"@id\":\"https:\/\/lamaindanslebol.fr\/actualites\/2023\/09\/22\/la-semaine-du-gout-au-pays-des-cereales-du-petit-dejeuner\/#primaryimage\",\"url\":\"https:\/\/lamaindanslebol.fr\/actualites\/wp-content\/uploads\/2023\/09\/partenaire-semaine-du-gout-2023-la-main-dans-le-bol.jpg\",\"contentUrl\":\"https:\/\/lamaindanslebol.fr\/actualites\/wp-content\/uploads\/2023\/09\/partenaire-semaine-du-gout-2023-la-main-dans-le-bol.jpg\",\"width\":1398,\"height\":254},{\"@type\":\"BreadcrumbList\",\"@id\":\"https:\/\/lamaindanslebol.fr\/actualites\/2023\/09\/22\/la-semaine-du-gout-au-pays-des-cereales-du-petit-dejeuner\/#breadcrumb\",\"itemListElement\":[{\"@type\":\"ListItem\",\"position\":1,\"name\":\"Accueil\",\"item\":\"https:\/\/lamaindanslebol.fr\/actualites\/\"},{\"@type\":\"ListItem\",\"position\":2,\"name\":\"La semaine du go\u00fbt au pays des c\u00e9r\u00e9ales du petit d\u00e9jeuner\"}]},{\"@type\":\"WebSite\",\"@id\":\"https:\/\/lamaindanslebol.fr\/actualites\/#website\",\"url\":\"https:\/\/lamaindanslebol.fr\/actualites\/\",\"name\":\"Blog la main dans le bol - Artisan granola bio\",\"description\":\"\",\"publisher\":{\"@id\":\"https:\/\/lamaindanslebol.fr\/actualites\/#organization\"},\"potentialAction\":[{\"@type\":\"SearchAction\",\"target\":{\"@type\":\"EntryPoint\",\"urlTemplate\":\"https:\/\/lamaindanslebol.fr\/actualites\/?s={search_term_string}\"},\"query-input\":{\"@type\":\"PropertyValueSpecification\",\"valueRequired\":true,\"valueName\":\"search_term_string\"}}],\"inLanguage\":\"fr-FR\"},{\"@type\":\"Organization\",\"@id\":\"https:\/\/lamaindanslebol.fr\/actualites\/#organization\",\"name\":\"Blog la main dans le bol - Artisan granola bio\",\"url\":\"https:\/\/lamaindanslebol.fr\/actualites\/\",\"logo\":{\"@type\":\"ImageObject\",\"inLanguage\":\"fr-FR\",\"@id\":\"https:\/\/lamaindanslebol.fr\/actualites\/#\/schema\/logo\/image\/\",\"url\":\"https:\/\/lamaindanslebol.fr\/actualites\/wp-content\/uploads\/2019\/10\/cropped-logo-blog-la-main-dans-le-bol-fabricant-cereales-granola-bio.png\",\"contentUrl\":\"https:\/\/lamaindanslebol.fr\/actualites\/wp-content\/uploads\/2019\/10\/cropped-logo-blog-la-main-dans-le-bol-fabricant-cereales-granola-bio.png\",\"width\":248,\"height\":216,\"caption\":\"Blog la main dans le bol - Artisan granola bio\"},\"image\":{\"@id\":\"https:\/\/lamaindanslebol.fr\/actualites\/#\/schema\/logo\/image\/\"}},{\"@type\":\"Person\",\"@id\":\"https:\/\/lamaindanslebol.fr\/actualites\/#\/schema\/person\/560d9163e078b444af7aafd4f9f09878\",\"name\":\"Margaux Court\",\"image\":{\"@type\":\"ImageObject\",\"inLanguage\":\"fr-FR\",\"@id\":\"https:\/\/lamaindanslebol.fr\/actualites\/#\/schema\/person\/image\/\",\"url\":\"https:\/\/secure.gravatar.com\/avatar\/dc72db8577f39a03f273a24343610f8d721569d02ab83e59d46a10a24bc3e439?s=96&d=mm&r=g\",\"contentUrl\":\"https:\/\/secure.gravatar.com\/avatar\/dc72db8577f39a03f273a24343610f8d721569d02ab83e59d46a10a24bc3e439?s=96&d=mm&r=g\",\"caption\":\"Margaux Court\"},\"sameAs\":[\"https:\/\/lamaindanslebol.fr\/\"],\"url\":\"https:\/\/lamaindanslebol.fr\/actualites\/author\/margaux-court-blog\/\"}]}<\/script>\n<!-- \/ Yoast SEO plugin. -->","yoast_head_json":{"title":"Semaine du go\u00fbt 2023, la main dans le bol partenaires 2023","description":"Semaine du go\u00fbt, nous sommes fier de vous annoncer que la main dans le bol sera partenaires de la semaine du go\u00fbt au pays des c\u00e9r\u00e9ales du petit d\u00e9jeuner","robots":{"index":"index","follow":"follow","max-snippet":"max-snippet:-1","max-image-preview":"max-image-preview:large","max-video-preview":"max-video-preview:-1"},"canonical":"https:\/\/lamaindanslebol.fr\/actualites\/2023\/09\/22\/la-semaine-du-gout-au-pays-des-cereales-du-petit-dejeuner\/","og_locale":"fr_FR","og_type":"article","og_title":"Semaine du go\u00fbt 2023, la main dans le bol partenaires 2023","og_description":"Semaine du go\u00fbt, nous sommes fier de vous annoncer que la main dans le bol sera partenaires de la semaine du go\u00fbt au pays des c\u00e9r\u00e9ales du petit d\u00e9jeuner","og_url":"https:\/\/lamaindanslebol.fr\/actualites\/2023\/09\/22\/la-semaine-du-gout-au-pays-des-cereales-du-petit-dejeuner\/","og_site_name":"Blog la main dans le bol - Artisan granola bio","article_published_time":"2023-09-22T09:49:16+00:00","article_modified_time":"2024-02-25T10:33:11+00:00","og_image":[{"url":"https:\/\/lamaindanslebol.fr\/actualites\/wp-content\/uploads\/2023\/09\/partenaire-semaine-du-gout-2023-la-main-dans-le-bol.jpg","type":"","width":"","height":""}],"author":"Margaux Court","twitter_card":"summary_large_image","twitter_misc":{"\u00c9crit par":"Margaux Court","Dur\u00e9e de lecture estim\u00e9e":"3 minutes"},"schema":{"@context":"https:\/\/schema.org","@graph":[{"@type":"Article","@id":"https:\/\/lamaindanslebol.fr\/actualites\/2023\/09\/22\/la-semaine-du-gout-au-pays-des-cereales-du-petit-dejeuner\/#article","isPartOf":{"@id":"https:\/\/lamaindanslebol.fr\/actualites\/2023\/09\/22\/la-semaine-du-gout-au-pays-des-cereales-du-petit-dejeuner\/"},"author":{"name":"Margaux Court","@id":"https:\/\/lamaindanslebol.fr\/actualites\/#\/schema\/person\/560d9163e078b444af7aafd4f9f09878"},"headline":"La semaine du go\u00fbt au pays des c\u00e9r\u00e9ales du petit d\u00e9jeuner","datePublished":"2023-09-22T09:49:16+00:00","dateModified":"2024-02-25T10:33:11+00:00","mainEntityOfPage":{"@id":"https:\/\/lamaindanslebol.fr\/actualites\/2023\/09\/22\/la-semaine-du-gout-au-pays-des-cereales-du-petit-dejeuner\/"},"wordCount":428,"commentCount":0,"publisher":{"@id":"https:\/\/lamaindanslebol.fr\/actualites\/#organization"},"image":{"@id":"https:\/\/lamaindanslebol.fr\/actualites\/2023\/09\/22\/la-semaine-du-gout-au-pays-des-cereales-du-petit-dejeuner\/#primaryimage"},"thumbnailUrl":"https:\/\/lamaindanslebol.fr\/actualites\/wp-content\/uploads\/2023\/09\/partenaire-semaine-du-gout-2023-la-main-dans-le-bol.jpg","articleSection":["\u00c9v\u00e8nements","Sant\u00e9&amp;Nutrition"],"inLanguage":"fr-FR","potentialAction":[{"@type":"CommentAction","name":"Comment","target":["https:\/\/lamaindanslebol.fr\/actualites\/2023\/09\/22\/la-semaine-du-gout-au-pays-des-cereales-du-petit-dejeuner\/#respond"]}]},{"@type":"WebPage","@id":"https:\/\/lamaindanslebol.fr\/actualites\/2023\/09\/22\/la-semaine-du-gout-au-pays-des-cereales-du-petit-dejeuner\/","url":"https:\/\/lamaindanslebol.fr\/actualites\/2023\/09\/22\/la-semaine-du-gout-au-pays-des-cereales-du-petit-dejeuner\/","name":"Semaine du go\u00fbt 2023, la main dans le bol partenaires 2023","isPartOf":{"@id":"https:\/\/lamaindanslebol.fr\/actualites\/#website"},"primaryImageOfPage":{"@id":"https:\/\/lamaindanslebol.fr\/actualites\/2023\/09\/22\/la-semaine-du-gout-au-pays-des-cereales-du-petit-dejeuner\/#primaryimage"},"image":{"@id":"https:\/\/lamaindanslebol.fr\/actualites\/2023\/09\/22\/la-semaine-du-gout-au-pays-des-cereales-du-petit-dejeuner\/#primaryimage"},"thumbnailUrl":"https:\/\/lamaindanslebol.fr\/actualites\/wp-content\/uploads\/2023\/09\/partenaire-semaine-du-gout-2023-la-main-dans-le-bol.jpg","datePublished":"2023-09-22T09:49:16+00:00","dateModified":"2024-02-25T10:33:11+00:00","description":"Semaine du go\u00fbt, nous sommes fier de vous annoncer que la main dans le bol sera partenaires de la semaine du go\u00fbt au pays des c\u00e9r\u00e9ales du petit d\u00e9jeuner","breadcrumb":{"@id":"https:\/\/lamaindanslebol.fr\/actualites\/2023\/09\/22\/la-semaine-du-gout-au-pays-des-cereales-du-petit-dejeuner\/#breadcrumb"},"inLanguage":"fr-FR","potentialAction":[{"@type":"ReadAction","target":["https:\/\/lamaindanslebol.fr\/actualites\/2023\/09\/22\/la-semaine-du-gout-au-pays-des-cereales-du-petit-dejeuner\/"]}]},{"@type":"ImageObject","inLanguage":"fr-FR","@id":"https:\/\/lamaindanslebol.fr\/actualites\/2023\/09\/22\/la-semaine-du-gout-au-pays-des-cereales-du-petit-dejeuner\/#primaryimage","url":"https:\/\/lamaindanslebol.fr\/actualites\/wp-content\/uploads\/2023\/09\/partenaire-semaine-du-gout-2023-la-main-dans-le-bol.jpg","contentUrl":"https:\/\/lamaindanslebol.fr\/actualites\/wp-content\/uploads\/2023\/09\/partenaire-semaine-du-gout-2023-la-main-dans-le-bol.jpg","width":1398,"height":254},{"@type":"BreadcrumbList","@id":"https:\/\/lamaindanslebol.fr\/actualites\/2023\/09\/22\/la-semaine-du-gout-au-pays-des-cereales-du-petit-dejeuner\/#breadcrumb","itemListElement":[{"@type":"ListItem","position":1,"name":"Accueil","item":"https:\/\/lamaindanslebol.fr\/actualites\/"},{"@type":"ListItem","position":2,"name":"La semaine du go\u00fbt au pays des c\u00e9r\u00e9ales du petit d\u00e9jeuner"}]},{"@type":"WebSite","@id":"https:\/\/lamaindanslebol.fr\/actualites\/#website","url":"https:\/\/lamaindanslebol.fr\/actualites\/","name":"Blog la main dans le bol - Artisan granola bio","description":"","publisher":{"@id":"https:\/\/lamaindanslebol.fr\/actualites\/#organization"},"potentialAction":[{"@type":"SearchAction","target":{"@type":"EntryPoint","urlTemplate":"https:\/\/lamaindanslebol.fr\/actualites\/?s={search_term_string}"},"query-input":{"@type":"PropertyValueSpecification","valueRequired":true,"valueName":"search_term_string"}}],"inLanguage":"fr-FR"},{"@type":"Organization","@id":"https:\/\/lamaindanslebol.fr\/actualites\/#organization","name":"Blog la main dans le bol - Artisan granola bio","url":"https:\/\/lamaindanslebol.fr\/actualites\/","logo":{"@type":"ImageObject","inLanguage":"fr-FR","@id":"https:\/\/lamaindanslebol.fr\/actualites\/#\/schema\/logo\/image\/","url":"https:\/\/lamaindanslebol.fr\/actualites\/wp-content\/uploads\/2019\/10\/cropped-logo-blog-la-main-dans-le-bol-fabricant-cereales-granola-bio.png","contentUrl":"https:\/\/lamaindanslebol.fr\/actualites\/wp-content\/uploads\/2019\/10\/cropped-logo-blog-la-main-dans-le-bol-fabricant-cereales-granola-bio.png","width":248,"height":216,"caption":"Blog la main dans le bol - Artisan granola bio"},"image":{"@id":"https:\/\/lamaindanslebol.fr\/actualites\/#\/schema\/logo\/image\/"}},{"@type":"Person","@id":"https:\/\/lamaindanslebol.fr\/actualites\/#\/schema\/person\/560d9163e078b444af7aafd4f9f09878","name":"Margaux Court","image":{"@type":"ImageObject","inLanguage":"fr-FR","@id":"https:\/\/lamaindanslebol.fr\/actualites\/#\/schema\/person\/image\/","url":"https:\/\/secure.gravatar.com\/avatar\/dc72db8577f39a03f273a24343610f8d721569d02ab83e59d46a10a24bc3e439?s=96&d=mm&r=g","contentUrl":"https:\/\/secure.gravatar.com\/avatar\/dc72db8577f39a03f273a24343610f8d721569d02ab83e59d46a10a24bc3e439?s=96&d=mm&r=g","caption":"Margaux Court"},"sameAs":["https:\/\/lamaindanslebol.fr\/"],"url":"https:\/\/lamaindanslebol.fr\/actualites\/author\/margaux-court-blog\/"}]}},"_links":{"self":[{"href":"https:\/\/lamaindanslebol.fr\/actualites\/wp-json\/wp\/v2\/posts\/453","targetHints":{"allow":["GET"]}}],"collection":[{"href":"https:\/\/lamaindanslebol.fr\/actualites\/wp-json\/wp\/v2\/posts"}],"about":[{"href":"https:\/\/lamaindanslebol.fr\/actualites\/wp-json\/wp\/v2\/types\/post"}],"author":[{"embeddable":true,"href":"https:\/\/lamaindanslebol.fr\/actualites\/wp-json\/wp\/v2\/users\/2"}],"replies":[{"embeddable":true,"href":"https:\/\/lamaindanslebol.fr\/actualites\/wp-json\/wp\/v2\/comments?post=453"}],"version-history":[{"count":3,"href":"https:\/\/lamaindanslebol.fr\/actualites\/wp-json\/wp\/v2\/posts\/453\/revisions"}],"predecessor-version":[{"id":458,"href":"https:\/\/lamaindanslebol.fr\/actualites\/wp-json\/wp\/v2\/posts\/453\/revisions\/458"}],"wp:attachment":[{"href":"https:\/\/lamaindanslebol.fr\/actualites\/wp-json\/wp\/v2\/media?parent=453"}],"wp:term":[{"taxonomy":"category","embeddable":true,"href":"https:\/\/lamaindanslebol.fr\/actualites\/wp-json\/wp\/v2\/categories?post=453"},{"taxonomy":"post_tag","embeddable":true,"href":"https:\/\/lamaindanslebol.fr\/actualites\/wp-json\/wp\/v2\/tags?post=453"}],"curies":[{"name":"wp","href":"https:\/\/api.w.org\/{rel}","templated":true}]}}