{"id":680,"date":"2025-03-19T15:05:18","date_gmt":"2025-03-19T14:05:18","guid":{"rendered":"https:\/\/lamaindanslebol.fr\/actualites\/?p=680"},"modified":"2025-03-24T11:11:17","modified_gmt":"2025-03-24T10:11:17","slug":"la-tendance-brunch","status":"publish","type":"post","link":"https:\/\/lamaindanslebol.fr\/actualites\/2025\/03\/19\/la-tendance-brunch\/","title":{"rendered":"La tendance Brunch"},"content":{"rendered":"<h1>La tendance Brunch<\/h1>\n<p>Si le brunch a longtemps fait figure de rendez-vous convivial et dominical pour un lendemain de soir\u00e9e chez les Fran\u00e7ais, il se d\u00e9mocratise depuis de nombreuses ann\u00e9es. En effet, il est d\u00e9sormais possible de bruncher \u00e0 toute heure de la journ\u00e9e dans de nombreux restaurants que ce soit \u00e0 Paris, Lyon ou Bordeaux.<br \/>\nMais qu\u2019est-ce que le brunch ? Quelles sont ses origines ? Que mange-t-on dans un brunch ? A quelle heure, peut-on bruncher ? Quelles adresses pour bruncher en France ?<\/p>\n<p><img decoding=\"async\" src=\"https:\/\/lamaindanslebol.fr\/actualites\/wp-content\/uploads\/2025\/03\/la-tendance-brunch-origines-que-mange-ton-dans-un-brunch.jpg\" alt=\"La tendance Brunch, QU\u2019EST-CE QUE LE BRUNCH ?\" \/><\/p>\n<h2>QU\u2019EST-CE QUE LE BRUNCH ?<\/h2>\n<p>Le brunch est une contraction de breakfast et lunch, ce qui donne \u00ab brunch \u00bb. C\u2019est donc un repas combinant \u00e0 la fois le petit d\u00e9jeuner et le d\u00e9jeuner, le tout pris en un seul repas. <\/p>\n<h2>QUELLES SONT SES ORIGINES ?<\/h2>\n<p>Ce terme est n\u00e9 chez les anglosaxons au d\u00e9but des ann\u00e9es 1900. En effet, les f\u00eatards du samedi soir n\u2019arrivant pas \u00e0 se lever pour le petit d\u00e9jeuner (ou breakfast), ils cr\u00e9\u00e8rent un nouveau repas pris entre 11h et 15h combinant le petit d\u00e9jeuner avec le d\u00e9jeuner (lunch) d\u2019o\u00f9 le nom de brunch.<\/p>\n<p><img decoding=\"async\" src=\"https:\/\/lamaindanslebol.fr\/actualites\/wp-content\/uploads\/2025\/03\/la-tendance-brunch-origines-que-mange-ton-dans-un-brunch-2.jpg\" alt=\"La tendance Brunch, QU\u2019EST-CE QUE LE BRUNCH ?\" \/><\/p>\n<h2>QUE MANGE-T-ON DANS UN BRUNCH ?<\/h2>\n<p>Le brunch est compos\u00e9 de mets sal\u00e9s et sucr\u00e9s pr\u00e9sent\u00e9s tel un buffet. On y retrouve l\u2019offre classique du petit d\u00e9jeuner sucr\u00e9 \u00e0 savoir les viennoiseries, le traditionnel pain-beurre-confiture, le fromage blanc accompagn\u00e9 de c\u00e9r\u00e9ales (granola ou m\u00fcesli) et les c\u00e9l\u00e8bres pancakes au sirop d\u2019\u00e9rable (<a href=\"https:\/\/www.terredepepites.fr\">www.terredepepites.fr<\/a>) ou encore les waffles (gaufres) par exemple. Pour la partie sal\u00e9e correspondant au d\u00e9jeuner, on peut se d\u00e9lecter de salades, de fruits de mer, de soupes, de crudit\u00e9s, d\u2019\u0153ufs brouill\u00e9s ou \u0153ufs B\u00e9n\u00e9dicte et des fameux advocado toasts.<\/p>\n<p>Le brunch s\u2019accompagne de toute une panoplie de boissons comme du caf\u00e9, du th\u00e9 ou encore du chocolat chaud. Pour ajouter une note festive et chic, il est aussi possible d\u2019accompagner les diff\u00e9rents mets de nombreux cocktails tels le Mimosa, le Bloody Mary ou encore le Bellini.<\/p>\n<h2>FOCUS SUR LES CEREALES POUR UN BRUNCH DE QUALIT\u00c9<\/h2>\n<p>Depuis 2019, La Main dans le Bol \u00e9labore les meilleures c\u00e9r\u00e9ales du petit d\u00e9jeuner (granola et m\u00fcesli) pour personnaliser votre brunch et apporter une touche gourmande et healthy \u00e0 votre buffet. Nous proposons une gamme de c\u00e9r\u00e9ales compl\u00e8tes et biologiques fabriqu\u00e9es en France. Nos recettes sont 100% v\u00e9g\u00e9tales et \u00e0 faible teneur en sucre.<\/p>\n<p>Nos granolas apportent du croquant \u00e0 vos bols (<a href=\"https:\/\/lamaindanslebol.fr\/boutique\/\">https:\/\/lamaindanslebol.fr\/boutique\/<\/a>) tandis que notre m\u00fcesli fran\u00e7ais fait le pari d\u2019\u00eatre concoct\u00e9 avec 100% des ingr\u00e9dients d\u2019origine fran\u00e7aise (<a href=\"https:\/\/lamaindanslebol.fr\/produit\/le-muesli-francais\/\">https:\/\/lamaindanslebol.fr\/produit\/le-muesli-francais\/<\/a> ). Vous saurez appr\u00e9ci\u00e9 la diversit\u00e9 des recettes de c\u00e9r\u00e9ales propos\u00e9es pour plaire \u00e0 tous, ce qui permettra de varier les plaisirs.<br \/>\nNos c\u00e9r\u00e9ales pour petit d\u00e9jeuner sont id\u00e9ales pour accompagner un bol de fromage blanc avec des fruits frais en topping et plus si affinit\u00e9s !<\/p>\n<p><img decoding=\"async\" src=\"https:\/\/lamaindanslebol.fr\/actualites\/wp-content\/uploads\/2025\/03\/la-tendance-brunch-origines-que-mange-ton-dans-un-brunch-3.jpg\" alt=\"La tendance Brunch, QU\u2019EST-CE QUE LE BRUNCH ?\" \/><\/p>\n<h2>A QUELLE HEURE, PEUT-ON BRUNCHER ?<\/h2>\n<p>Le brunch est g\u00e9n\u00e9ralement pris entre 11H et 15h bien que de nombreux restaurants les proposent all day long c\u2019est-\u00e0-dire \u00e0 toute heure de la journ\u00e9e. Et puis, si vous organisez votre brunch \u00e0 la maison, c\u2019est vous qui d\u00e9finissez les r\u00e8gles !<\/p>\n<h2>QUELLES ADRESSES POUR BRUNCHER EN FRANCE ?<\/h2>\n<p>Depuis plusieurs ann\u00e9es, le brunch est devenu une vraie tendance populaire. Que l\u2019on se retrouve au restaurant ou \u00e0 la maison, le brunch est un moment convivial pour se retrouver en famille, entre amis ou en amoureux de mani\u00e8re informelle. Il existe une multitude de restaurants et d\u2019h\u00f4tels proposant des brunchs aux influences vari\u00e9es (asiatique, orientale, am\u00e9ricaine, fran\u00e7aise \u2026). N\u2019h\u00e9sitez pas \u00e0 les tester pour d\u00e9couvrir de nouvelles saveurs d\u2019ici et d\u2019ailleurs. <\/p>\n<h2>Nos meilleures ventes de <a href=\"https:\/\/lamaindanslebol.fr\" rel=\"noopener\" target=\"_blank\">Muesli Bio<\/a><\/h2>\n<section class=\"container-blog\">\n<section id=\"box\">\n<a href=\"https:\/\/lamaindanslebol.fr\/produit\/le-muesli-francais\/\" target=\"_blank\" rel=\"noopener\"><\/p>\n<section id=\"pdt\"><img decoding=\"async\" src=\"https:\/\/lamaindanslebol.fr\/actualites\/wp-content\/uploads\/2023\/06\/muesli-francais-la-main-dans-le-bol.jpg\" alt=\"D\u00e9couvrez notre gamme de muesli bio, c\u00e9r\u00e9ales du petit d\u00e9jeuner\"><\/p>\n<h2>Muesli Fran\u00e7ais<\/h2>\n<\/section>\n<p><\/a><\/p>\n<p><a href=\"https:\/\/lamaindanslebol.fr\/produit\/le-muesli-francais\/\" target=\"_blank\" rel=\"noopener\"><\/a><\/p>\n<\/section>\n<section id=\"box\"><a href=\"https:\/\/lamaindanslebol.fr\/produit\/le-muesli-des-cousins\/\" target=\"_blank\" rel=\"noopener\"><\/p>\n<section id=\"pdt\"><img decoding=\"async\" src=\"https:\/\/lamaindanslebol.fr\/actualites\/wp-content\/uploads\/2023\/06\/muesli-des-cousins-la-main-dans-le-bol.jpg\" alt=\"D\u00e9couvrez notre gamme de muesli nature bio, gamme de c\u00e9r\u00e9ales pour le petit d\u00e9jeuner\"><\/p>\n<h2>Muesli des cousins<\/h2>\n<\/section>\n<p><\/a><\/p>\n<p><a href=\"https:\/\/lamaindanslebol.fr\/produit\/le-muesli-des-cousins\/\" target=\"_blank\" rel=\"noopener\"><\/a><\/p>\n<\/section>\n<section id=\"box\"><a href=\"https:\/\/lamaindanslebol.fr\/produit\/le-muesli-de-choc\/\" target=\"_blank\" rel=\"noopener\"><\/p>\n<section id=\"pdt\"><img decoding=\"async\" src=\"https:\/\/lamaindanslebol.fr\/actualites\/wp-content\/uploads\/2023\/06\/muesli-de-choc-la-main-dans-le-bol.jpg\" alt=\"D\u00e9couvrez notre gamme de granola bio fruits secs, gamme de c\u00e9r\u00e9ales pour le petit d\u00e9jeuner\"><\/p>\n<h2>Muesli de choc<\/h2>\n<\/section>\n<p><\/a><\/p>\n<p><a href=\"https:\/\/lamaindanslebol.fr\/produit\/le-muesli-de-choc\/\" target=\"_blank\" rel=\"noopener\"><\/a><\/p>\n<\/section>\n<\/section>\n<p>Vous pouvez retrouver tous nos produits ici : <a href=\"https:\/\/lamaindanslebol.fr\/boutique\/\">La Main dans le Bol<\/a><\/p>\n","protected":false},"excerpt":{"rendered":"<p>La tendance Brunch Si le brunch a longtemps fait figure de rendez-vous convivial et dominical pour un lendemain de soir\u00e9e chez les Fran\u00e7ais, il se d\u00e9mocratise depuis de nombreuses ann\u00e9es. En effet, il est d\u00e9sormais possible de bruncher \u00e0 toute heure de la journ\u00e9e dans de nombreux restaurants que ce soit \u00e0 Paris, Lyon ou &hellip; <a href=\"https:\/\/lamaindanslebol.fr\/actualites\/2025\/03\/19\/la-tendance-brunch\/\" class=\"more-link\">Continuer la lecture de <span class=\"screen-reader-text\">La tendance Brunch<\/span><\/a><\/p>\n","protected":false},"author":2,"featured_media":0,"comment_status":"open","ping_status":"open","sticky":false,"template":"","format":"standard","meta":{"footnotes":""},"categories":[42,34,5],"tags":[6,21],"class_list":["post-680","post","type-post","status-publish","format-standard","hentry","category-cafe","category-petit-dejeuner","category-santenutrition","tag-cereales-petit-dejeuner","tag-fabricant-granola-bio"],"yoast_head":"<!-- This site is optimized with the Yoast SEO plugin v26.6 - https:\/\/yoast.com\/wordpress\/plugins\/seo\/ -->\n<title>La tendance Brunch, origines et que mange t&#039;on dans un brunch<\/title>\n<meta name=\"description\" content=\"La tendance Brunch, le brunch, qu&#039;est ce que c&#039;est ? origines du brunch, que mange t&#039;on dans un brunch, c\u00e9r\u00e9ales muesli dans un brunch\" \/>\n<meta name=\"robots\" content=\"index, follow, max-snippet:-1, max-image-preview:large, max-video-preview:-1\" \/>\n<link rel=\"canonical\" href=\"https:\/\/lamaindanslebol.fr\/actualites\/2025\/03\/19\/la-tendance-brunch\/\" \/>\n<meta property=\"og:locale\" content=\"fr_FR\" \/>\n<meta property=\"og:type\" content=\"article\" \/>\n<meta property=\"og:title\" content=\"La tendance Brunch, origines et que mange t&#039;on dans un brunch\" \/>\n<meta property=\"og:description\" content=\"La tendance Brunch, le brunch, qu&#039;est ce que c&#039;est ? origines du brunch, que mange t&#039;on dans un brunch, c\u00e9r\u00e9ales muesli dans un brunch\" \/>\n<meta property=\"og:url\" content=\"https:\/\/lamaindanslebol.fr\/actualites\/2025\/03\/19\/la-tendance-brunch\/\" \/>\n<meta property=\"og:site_name\" content=\"Blog la main dans le bol - Artisan granola bio\" \/>\n<meta property=\"article:published_time\" content=\"2025-03-19T14:05:18+00:00\" \/>\n<meta property=\"article:modified_time\" content=\"2025-03-24T10:11:17+00:00\" \/>\n<meta property=\"og:image\" content=\"https:\/\/lamaindanslebol.fr\/actualites\/wp-content\/uploads\/2025\/03\/la-tendance-brunch-origines-que-mange-ton-dans-un-brunch.jpg\" \/>\n<meta name=\"author\" content=\"Margaux Court\" \/>\n<meta name=\"twitter:card\" content=\"summary_large_image\" \/>\n<meta name=\"twitter:label1\" content=\"\u00c9crit par\" \/>\n\t<meta name=\"twitter:data1\" content=\"Margaux Court\" \/>\n\t<meta name=\"twitter:label2\" content=\"Dur\u00e9e de lecture estim\u00e9e\" \/>\n\t<meta name=\"twitter:data2\" content=\"5 minutes\" \/>\n<script type=\"application\/ld+json\" class=\"yoast-schema-graph\">{\"@context\":\"https:\/\/schema.org\",\"@graph\":[{\"@type\":\"Article\",\"@id\":\"https:\/\/lamaindanslebol.fr\/actualites\/2025\/03\/19\/la-tendance-brunch\/#article\",\"isPartOf\":{\"@id\":\"https:\/\/lamaindanslebol.fr\/actualites\/2025\/03\/19\/la-tendance-brunch\/\"},\"author\":{\"name\":\"Margaux Court\",\"@id\":\"https:\/\/lamaindanslebol.fr\/actualites\/#\/schema\/person\/560d9163e078b444af7aafd4f9f09878\"},\"headline\":\"La tendance Brunch\",\"datePublished\":\"2025-03-19T14:05:18+00:00\",\"dateModified\":\"2025-03-24T10:11:17+00:00\",\"mainEntityOfPage\":{\"@id\":\"https:\/\/lamaindanslebol.fr\/actualites\/2025\/03\/19\/la-tendance-brunch\/\"},\"wordCount\":681,\"commentCount\":0,\"publisher\":{\"@id\":\"https:\/\/lamaindanslebol.fr\/actualites\/#organization\"},\"image\":{\"@id\":\"https:\/\/lamaindanslebol.fr\/actualites\/2025\/03\/19\/la-tendance-brunch\/#primaryimage\"},\"thumbnailUrl\":\"https:\/\/lamaindanslebol.fr\/actualites\/wp-content\/uploads\/2025\/03\/la-tendance-brunch-origines-que-mange-ton-dans-un-brunch.jpg\",\"keywords\":[\"C\u00e9r\u00e9ales petit d\u00e9jeuner\",\"fabricant granola bio\"],\"articleSection\":[\"Caf\u00e9\",\"Petit d\u00e9jeuner\",\"Sant\u00e9&amp;Nutrition\"],\"inLanguage\":\"fr-FR\",\"potentialAction\":[{\"@type\":\"CommentAction\",\"name\":\"Comment\",\"target\":[\"https:\/\/lamaindanslebol.fr\/actualites\/2025\/03\/19\/la-tendance-brunch\/#respond\"]}]},{\"@type\":\"WebPage\",\"@id\":\"https:\/\/lamaindanslebol.fr\/actualites\/2025\/03\/19\/la-tendance-brunch\/\",\"url\":\"https:\/\/lamaindanslebol.fr\/actualites\/2025\/03\/19\/la-tendance-brunch\/\",\"name\":\"La tendance Brunch, origines et que mange t'on dans un brunch\",\"isPartOf\":{\"@id\":\"https:\/\/lamaindanslebol.fr\/actualites\/#website\"},\"primaryImageOfPage\":{\"@id\":\"https:\/\/lamaindanslebol.fr\/actualites\/2025\/03\/19\/la-tendance-brunch\/#primaryimage\"},\"image\":{\"@id\":\"https:\/\/lamaindanslebol.fr\/actualites\/2025\/03\/19\/la-tendance-brunch\/#primaryimage\"},\"thumbnailUrl\":\"https:\/\/lamaindanslebol.fr\/actualites\/wp-content\/uploads\/2025\/03\/la-tendance-brunch-origines-que-mange-ton-dans-un-brunch.jpg\",\"datePublished\":\"2025-03-19T14:05:18+00:00\",\"dateModified\":\"2025-03-24T10:11:17+00:00\",\"description\":\"La tendance Brunch, le brunch, qu'est ce que c'est ? origines du brunch, que mange t'on dans un brunch, c\u00e9r\u00e9ales muesli dans un brunch\",\"breadcrumb\":{\"@id\":\"https:\/\/lamaindanslebol.fr\/actualites\/2025\/03\/19\/la-tendance-brunch\/#breadcrumb\"},\"inLanguage\":\"fr-FR\",\"potentialAction\":[{\"@type\":\"ReadAction\",\"target\":[\"https:\/\/lamaindanslebol.fr\/actualites\/2025\/03\/19\/la-tendance-brunch\/\"]}]},{\"@type\":\"ImageObject\",\"inLanguage\":\"fr-FR\",\"@id\":\"https:\/\/lamaindanslebol.fr\/actualites\/2025\/03\/19\/la-tendance-brunch\/#primaryimage\",\"url\":\"https:\/\/lamaindanslebol.fr\/actualites\/wp-content\/uploads\/2025\/03\/la-tendance-brunch-origines-que-mange-ton-dans-un-brunch.jpg\",\"contentUrl\":\"https:\/\/lamaindanslebol.fr\/actualites\/wp-content\/uploads\/2025\/03\/la-tendance-brunch-origines-que-mange-ton-dans-un-brunch.jpg\",\"width\":1038,\"height\":710},{\"@type\":\"BreadcrumbList\",\"@id\":\"https:\/\/lamaindanslebol.fr\/actualites\/2025\/03\/19\/la-tendance-brunch\/#breadcrumb\",\"itemListElement\":[{\"@type\":\"ListItem\",\"position\":1,\"name\":\"Accueil\",\"item\":\"https:\/\/lamaindanslebol.fr\/actualites\/\"},{\"@type\":\"ListItem\",\"position\":2,\"name\":\"La tendance Brunch\"}]},{\"@type\":\"WebSite\",\"@id\":\"https:\/\/lamaindanslebol.fr\/actualites\/#website\",\"url\":\"https:\/\/lamaindanslebol.fr\/actualites\/\",\"name\":\"Blog la main dans le bol - Artisan granola bio\",\"description\":\"\",\"publisher\":{\"@id\":\"https:\/\/lamaindanslebol.fr\/actualites\/#organization\"},\"potentialAction\":[{\"@type\":\"SearchAction\",\"target\":{\"@type\":\"EntryPoint\",\"urlTemplate\":\"https:\/\/lamaindanslebol.fr\/actualites\/?s={search_term_string}\"},\"query-input\":{\"@type\":\"PropertyValueSpecification\",\"valueRequired\":true,\"valueName\":\"search_term_string\"}}],\"inLanguage\":\"fr-FR\"},{\"@type\":\"Organization\",\"@id\":\"https:\/\/lamaindanslebol.fr\/actualites\/#organization\",\"name\":\"Blog la main dans le bol - Artisan granola bio\",\"url\":\"https:\/\/lamaindanslebol.fr\/actualites\/\",\"logo\":{\"@type\":\"ImageObject\",\"inLanguage\":\"fr-FR\",\"@id\":\"https:\/\/lamaindanslebol.fr\/actualites\/#\/schema\/logo\/image\/\",\"url\":\"https:\/\/lamaindanslebol.fr\/actualites\/wp-content\/uploads\/2019\/10\/cropped-logo-blog-la-main-dans-le-bol-fabricant-cereales-granola-bio.png\",\"contentUrl\":\"https:\/\/lamaindanslebol.fr\/actualites\/wp-content\/uploads\/2019\/10\/cropped-logo-blog-la-main-dans-le-bol-fabricant-cereales-granola-bio.png\",\"width\":248,\"height\":216,\"caption\":\"Blog la main dans le bol - Artisan granola bio\"},\"image\":{\"@id\":\"https:\/\/lamaindanslebol.fr\/actualites\/#\/schema\/logo\/image\/\"}},{\"@type\":\"Person\",\"@id\":\"https:\/\/lamaindanslebol.fr\/actualites\/#\/schema\/person\/560d9163e078b444af7aafd4f9f09878\",\"name\":\"Margaux Court\",\"image\":{\"@type\":\"ImageObject\",\"inLanguage\":\"fr-FR\",\"@id\":\"https:\/\/lamaindanslebol.fr\/actualites\/#\/schema\/person\/image\/\",\"url\":\"https:\/\/secure.gravatar.com\/avatar\/dc72db8577f39a03f273a24343610f8d721569d02ab83e59d46a10a24bc3e439?s=96&d=mm&r=g\",\"contentUrl\":\"https:\/\/secure.gravatar.com\/avatar\/dc72db8577f39a03f273a24343610f8d721569d02ab83e59d46a10a24bc3e439?s=96&d=mm&r=g\",\"caption\":\"Margaux Court\"},\"sameAs\":[\"https:\/\/lamaindanslebol.fr\/\"],\"url\":\"https:\/\/lamaindanslebol.fr\/actualites\/author\/margaux-court-blog\/\"}]}<\/script>\n<!-- \/ Yoast SEO plugin. -->","yoast_head_json":{"title":"La tendance Brunch, origines et que mange t'on dans un brunch","description":"La tendance Brunch, le brunch, qu'est ce que c'est ? origines du brunch, que mange t'on dans un brunch, c\u00e9r\u00e9ales muesli dans un brunch","robots":{"index":"index","follow":"follow","max-snippet":"max-snippet:-1","max-image-preview":"max-image-preview:large","max-video-preview":"max-video-preview:-1"},"canonical":"https:\/\/lamaindanslebol.fr\/actualites\/2025\/03\/19\/la-tendance-brunch\/","og_locale":"fr_FR","og_type":"article","og_title":"La tendance Brunch, origines et que mange t'on dans un brunch","og_description":"La tendance Brunch, le brunch, qu'est ce que c'est ? origines du brunch, que mange t'on dans un brunch, c\u00e9r\u00e9ales muesli dans un brunch","og_url":"https:\/\/lamaindanslebol.fr\/actualites\/2025\/03\/19\/la-tendance-brunch\/","og_site_name":"Blog la main dans le bol - Artisan granola bio","article_published_time":"2025-03-19T14:05:18+00:00","article_modified_time":"2025-03-24T10:11:17+00:00","og_image":[{"url":"https:\/\/lamaindanslebol.fr\/actualites\/wp-content\/uploads\/2025\/03\/la-tendance-brunch-origines-que-mange-ton-dans-un-brunch.jpg","type":"","width":"","height":""}],"author":"Margaux Court","twitter_card":"summary_large_image","twitter_misc":{"\u00c9crit par":"Margaux Court","Dur\u00e9e de lecture estim\u00e9e":"5 minutes"},"schema":{"@context":"https:\/\/schema.org","@graph":[{"@type":"Article","@id":"https:\/\/lamaindanslebol.fr\/actualites\/2025\/03\/19\/la-tendance-brunch\/#article","isPartOf":{"@id":"https:\/\/lamaindanslebol.fr\/actualites\/2025\/03\/19\/la-tendance-brunch\/"},"author":{"name":"Margaux Court","@id":"https:\/\/lamaindanslebol.fr\/actualites\/#\/schema\/person\/560d9163e078b444af7aafd4f9f09878"},"headline":"La tendance Brunch","datePublished":"2025-03-19T14:05:18+00:00","dateModified":"2025-03-24T10:11:17+00:00","mainEntityOfPage":{"@id":"https:\/\/lamaindanslebol.fr\/actualites\/2025\/03\/19\/la-tendance-brunch\/"},"wordCount":681,"commentCount":0,"publisher":{"@id":"https:\/\/lamaindanslebol.fr\/actualites\/#organization"},"image":{"@id":"https:\/\/lamaindanslebol.fr\/actualites\/2025\/03\/19\/la-tendance-brunch\/#primaryimage"},"thumbnailUrl":"https:\/\/lamaindanslebol.fr\/actualites\/wp-content\/uploads\/2025\/03\/la-tendance-brunch-origines-que-mange-ton-dans-un-brunch.jpg","keywords":["C\u00e9r\u00e9ales petit d\u00e9jeuner","fabricant granola bio"],"articleSection":["Caf\u00e9","Petit d\u00e9jeuner","Sant\u00e9&amp;Nutrition"],"inLanguage":"fr-FR","potentialAction":[{"@type":"CommentAction","name":"Comment","target":["https:\/\/lamaindanslebol.fr\/actualites\/2025\/03\/19\/la-tendance-brunch\/#respond"]}]},{"@type":"WebPage","@id":"https:\/\/lamaindanslebol.fr\/actualites\/2025\/03\/19\/la-tendance-brunch\/","url":"https:\/\/lamaindanslebol.fr\/actualites\/2025\/03\/19\/la-tendance-brunch\/","name":"La tendance Brunch, origines et que mange t'on dans un brunch","isPartOf":{"@id":"https:\/\/lamaindanslebol.fr\/actualites\/#website"},"primaryImageOfPage":{"@id":"https:\/\/lamaindanslebol.fr\/actualites\/2025\/03\/19\/la-tendance-brunch\/#primaryimage"},"image":{"@id":"https:\/\/lamaindanslebol.fr\/actualites\/2025\/03\/19\/la-tendance-brunch\/#primaryimage"},"thumbnailUrl":"https:\/\/lamaindanslebol.fr\/actualites\/wp-content\/uploads\/2025\/03\/la-tendance-brunch-origines-que-mange-ton-dans-un-brunch.jpg","datePublished":"2025-03-19T14:05:18+00:00","dateModified":"2025-03-24T10:11:17+00:00","description":"La tendance Brunch, le brunch, qu'est ce que c'est ? origines du brunch, que mange t'on dans un brunch, c\u00e9r\u00e9ales muesli dans un brunch","breadcrumb":{"@id":"https:\/\/lamaindanslebol.fr\/actualites\/2025\/03\/19\/la-tendance-brunch\/#breadcrumb"},"inLanguage":"fr-FR","potentialAction":[{"@type":"ReadAction","target":["https:\/\/lamaindanslebol.fr\/actualites\/2025\/03\/19\/la-tendance-brunch\/"]}]},{"@type":"ImageObject","inLanguage":"fr-FR","@id":"https:\/\/lamaindanslebol.fr\/actualites\/2025\/03\/19\/la-tendance-brunch\/#primaryimage","url":"https:\/\/lamaindanslebol.fr\/actualites\/wp-content\/uploads\/2025\/03\/la-tendance-brunch-origines-que-mange-ton-dans-un-brunch.jpg","contentUrl":"https:\/\/lamaindanslebol.fr\/actualites\/wp-content\/uploads\/2025\/03\/la-tendance-brunch-origines-que-mange-ton-dans-un-brunch.jpg","width":1038,"height":710},{"@type":"BreadcrumbList","@id":"https:\/\/lamaindanslebol.fr\/actualites\/2025\/03\/19\/la-tendance-brunch\/#breadcrumb","itemListElement":[{"@type":"ListItem","position":1,"name":"Accueil","item":"https:\/\/lamaindanslebol.fr\/actualites\/"},{"@type":"ListItem","position":2,"name":"La tendance Brunch"}]},{"@type":"WebSite","@id":"https:\/\/lamaindanslebol.fr\/actualites\/#website","url":"https:\/\/lamaindanslebol.fr\/actualites\/","name":"Blog la main dans le bol - Artisan granola bio","description":"","publisher":{"@id":"https:\/\/lamaindanslebol.fr\/actualites\/#organization"},"potentialAction":[{"@type":"SearchAction","target":{"@type":"EntryPoint","urlTemplate":"https:\/\/lamaindanslebol.fr\/actualites\/?s={search_term_string}"},"query-input":{"@type":"PropertyValueSpecification","valueRequired":true,"valueName":"search_term_string"}}],"inLanguage":"fr-FR"},{"@type":"Organization","@id":"https:\/\/lamaindanslebol.fr\/actualites\/#organization","name":"Blog la main dans le bol - Artisan granola bio","url":"https:\/\/lamaindanslebol.fr\/actualites\/","logo":{"@type":"ImageObject","inLanguage":"fr-FR","@id":"https:\/\/lamaindanslebol.fr\/actualites\/#\/schema\/logo\/image\/","url":"https:\/\/lamaindanslebol.fr\/actualites\/wp-content\/uploads\/2019\/10\/cropped-logo-blog-la-main-dans-le-bol-fabricant-cereales-granola-bio.png","contentUrl":"https:\/\/lamaindanslebol.fr\/actualites\/wp-content\/uploads\/2019\/10\/cropped-logo-blog-la-main-dans-le-bol-fabricant-cereales-granola-bio.png","width":248,"height":216,"caption":"Blog la main dans le bol - Artisan granola bio"},"image":{"@id":"https:\/\/lamaindanslebol.fr\/actualites\/#\/schema\/logo\/image\/"}},{"@type":"Person","@id":"https:\/\/lamaindanslebol.fr\/actualites\/#\/schema\/person\/560d9163e078b444af7aafd4f9f09878","name":"Margaux Court","image":{"@type":"ImageObject","inLanguage":"fr-FR","@id":"https:\/\/lamaindanslebol.fr\/actualites\/#\/schema\/person\/image\/","url":"https:\/\/secure.gravatar.com\/avatar\/dc72db8577f39a03f273a24343610f8d721569d02ab83e59d46a10a24bc3e439?s=96&d=mm&r=g","contentUrl":"https:\/\/secure.gravatar.com\/avatar\/dc72db8577f39a03f273a24343610f8d721569d02ab83e59d46a10a24bc3e439?s=96&d=mm&r=g","caption":"Margaux Court"},"sameAs":["https:\/\/lamaindanslebol.fr\/"],"url":"https:\/\/lamaindanslebol.fr\/actualites\/author\/margaux-court-blog\/"}]}},"_links":{"self":[{"href":"https:\/\/lamaindanslebol.fr\/actualites\/wp-json\/wp\/v2\/posts\/680","targetHints":{"allow":["GET"]}}],"collection":[{"href":"https:\/\/lamaindanslebol.fr\/actualites\/wp-json\/wp\/v2\/posts"}],"about":[{"href":"https:\/\/lamaindanslebol.fr\/actualites\/wp-json\/wp\/v2\/types\/post"}],"author":[{"embeddable":true,"href":"https:\/\/lamaindanslebol.fr\/actualites\/wp-json\/wp\/v2\/users\/2"}],"replies":[{"embeddable":true,"href":"https:\/\/lamaindanslebol.fr\/actualites\/wp-json\/wp\/v2\/comments?post=680"}],"version-history":[{"count":3,"href":"https:\/\/lamaindanslebol.fr\/actualites\/wp-json\/wp\/v2\/posts\/680\/revisions"}],"predecessor-version":[{"id":688,"href":"https:\/\/lamaindanslebol.fr\/actualites\/wp-json\/wp\/v2\/posts\/680\/revisions\/688"}],"wp:attachment":[{"href":"https:\/\/lamaindanslebol.fr\/actualites\/wp-json\/wp\/v2\/media?parent=680"}],"wp:term":[{"taxonomy":"category","embeddable":true,"href":"https:\/\/lamaindanslebol.fr\/actualites\/wp-json\/wp\/v2\/categories?post=680"},{"taxonomy":"post_tag","embeddable":true,"href":"https:\/\/lamaindanslebol.fr\/actualites\/wp-json\/wp\/v2\/tags?post=680"}],"curies":[{"name":"wp","href":"https:\/\/api.w.org\/{rel}","templated":true}]}}